{"id":859381,"date":"2026-03-11T05:02:16","date_gmt":"2026-03-11T05:02:16","guid":{"rendered":"https:\/\/www.europesays.com\/de\/859381\/"},"modified":"2026-03-11T05:02:16","modified_gmt":"2026-03-11T05:02:16","slug":"verbaende-fordern-eu-plattform-fuer-freiwilliges-reporting-table-briefings","status":"publish","type":"post","link":"https:\/\/www.europesays.com\/de\/859381\/","title":{"rendered":"Verb\u00e4nde fordern EU-Plattform f\u00fcr freiwilliges Reporting \u2022 Table.Briefings"},"content":{"rendered":"<p class=\"text-base md:text-xl font-semibold text-gray-700 leading-relaxed\">\n                Trotz zum Teil entfallener Berichtspflichten stehen Unternehmen unter Druck, Nachhaltigkeitsdaten zu erheben. Zw\u00f6lf Verb\u00e4nde fordern daher eine digitale EU-Infrastruktur f\u00fcr freiwillige Berichte, die auf der Plattform des Deutschen Nachhaltigkeitskodex (DNK) basiert.\n            <\/p>\n<p>                                                            <img loading=\"lazy\" decoding=\"async\" src=\"https:\/\/www.europesays.com\/de\/wp-content\/uploads\/2026\/03\/ferdinand-frohlich.png\" alt=\"\" width=\"32\" height=\"32\" class=\"w-full h-full rounded-full\"\/><\/p>\n<p>\n                            11. M\u00e4rz 2026\n                        <\/p>\n<p>\n                Empf\u00e4nger ben\u00f6tigen ein Abo zum Lesen\n            <\/p>\n<p>                                                                    <img loading=\"lazy\" decoding=\"async\" src=\"https:\/\/www.europesays.com\/de\/wp-content\/uploads\/2026\/03\/1773205335_425_ferdinand-frohlich.png\" alt=\"\" width=\"40\" height=\"40\" class=\"w-full h-full rounded-full\"\/><\/p>\n<p>\n                        11. M\u00e4rz 2026\n                    <\/p>\n<p>\n                Empf\u00e4nger ben\u00f6tigen ein Abo zum Lesen\n            <\/p>\n<p>    <img loading=\"lazy\" decoding=\"async\" src=\"https:\/\/www.europesays.com\/de\/wp-content\/uploads\/2026\/03\/Europaeisches-Parlament-Strassburg.jpg\" alt=\"\" width=\"1024\" height=\"574\" class=\"w-full md:h-auto print:h-auto object-cover rounded-lg\"\/><\/p>\n<p>        Durch den EU-Nachhaltigkeits-Omnibus sind viele Unternehmen aus der ESG-Berichtspflicht gefallen.    <\/p>\n<p class=\"mt-12 text-sm text-gray-600\">\n            Letzte Aktualisierung: 11. M\u00e4rz 2026\n        <\/p>\n<p>            Artikel teilen:<\/p>\n<p>\n                Empf\u00e4nger ben\u00f6tigen ein Abo zum Lesen\n            <\/p>\n","protected":false},"excerpt":{"rendered":"Trotz zum Teil entfallener Berichtspflichten stehen Unternehmen unter Druck, Nachhaltigkeitsdaten zu erheben. Zw\u00f6lf Verb\u00e4nde fordern daher eine digitale&hellip;\n","protected":false},"author":2,"featured_media":859382,"comment_status":"","ping_status":"","sticky":false,"template":"","format":"standard","meta":{"footnotes":"","_share_on_mastodon":"0"},"categories":[3933],"tags":[331,332,138351,32556,548,663,158,3934,3935,13,69718,14,15,12],"class_list":["post-859381","post","type-post","status-publish","format-standard","has-post-thumbnail","category-eu","tag-aktuelle-nachrichten","tag-aktuelle-news","tag-csrd","tag-esg","tag-eu","tag-europa","tag-europaeische-union","tag-europe","tag-european-union","tag-headlines","tag-nachhaltigkeitsberichterstattung","tag-nachrichten","tag-news","tag-schlagzeilen"],"share_on_mastodon":{"url":"https:\/\/pubeurope.com\/@de\/116208792394498489","error":""},"_links":{"self":[{"href":"https:\/\/www.europesays.com\/de\/wp-json\/wp\/v2\/posts\/859381","targetHints":{"allow":["GET"]}}],"collection":[{"href":"https:\/\/www.europesays.com\/de\/wp-json\/wp\/v2\/posts"}],"about":[{"href":"https:\/\/www.europesays.com\/de\/wp-json\/wp\/v2\/types\/post"}],"author":[{"embeddable":true,"href":"https:\/\/www.europesays.com\/de\/wp-json\/wp\/v2\/users\/2"}],"replies":[{"embeddable":true,"href":"https:\/\/www.europesays.com\/de\/wp-json\/wp\/v2\/comments?post=859381"}],"version-history":[{"count":0,"href":"https:\/\/www.europesays.com\/de\/wp-json\/wp\/v2\/posts\/859381\/revisions"}],"wp:featuredmedia":[{"embeddable":true,"href":"https:\/\/www.europesays.com\/de\/wp-json\/wp\/v2\/media\/859382"}],"wp:attachment":[{"href":"https:\/\/www.europesays.com\/de\/wp-json\/wp\/v2\/media?parent=859381"}],"wp:term":[{"taxonomy":"category","embeddable":true,"href":"https:\/\/www.europesays.com\/de\/wp-json\/wp\/v2\/categories?post=859381"},{"taxonomy":"post_tag","embeddable":true,"href":"https:\/\/www.europesays.com\/de\/wp-json\/wp\/v2\/tags?post=859381"}],"curies":[{"name":"wp","href":"https:\/\/api.w.org\/{rel}","templated":true}]}}