{"id":859526,"date":"2026-03-11T06:23:16","date_gmt":"2026-03-11T06:23:16","guid":{"rendered":"https:\/\/www.europesays.com\/de\/859526\/"},"modified":"2026-03-11T06:23:16","modified_gmt":"2026-03-11T06:23:16","slug":"souveraenitaet-der-schweiz-bleibt-auch-bei-eu-vertraegen-gewaehrleistet","status":"publish","type":"post","link":"https:\/\/www.europesays.com\/de\/859526\/","title":{"rendered":"Souver\u00e4nit\u00e4t der Schweiz bleibt auch bei EU-Vertr\u00e4gen gew\u00e4hrleistet"},"content":{"rendered":"<p>Das eidgen\u00f6ssische Departement f\u00fcr ausw\u00e4rtige Angelegenheiten (EDA) sieht in den geplanten Abkommen der \u00abBilateralen III\u00bb keinen Verlust an Souver\u00e4nit\u00e4t f\u00fcr die Schweiz. Die bestehenden Befugnisse von Parlament und Volk w\u00fcrden durch das neue Vertragspaket mit der Europ\u00e4ischen Union nicht ver\u00e4ndert, <a href=\"https:\/\/www.nau.ch\/politik\/bundeshaus\/souveranitat-der-schweiz-bleibt-laut-eda-gewahrleistet-67104095\" rel=\"nofollow noopener\" target=\"_blank\">teilte das EDA<\/a> der Nachrichtenagentur Keystone-SDA auf Anfrage mit.<\/p>\n<p>                <img src=\"https:\/\/www.europesays.com\/de\/wp-content\/uploads\/2026\/03\/702292973_highres-1024x683.jpg\" alt=\"\u00a9 KEYSTONE \/ PETER KLAUNZER\" itemprop=\"contentUrl\" class=\"story-img story-img--landscape\" loading=\"lazy\" decoding=\"async\"\/><\/p>\n<p>                                                    Die Flaggen der Schweiz und der EU.<br \/>\n                                                                            <\/p>\n<p>                                        \u00a9 KEYSTONE \/ PETER KLAUNZER<\/p>\n<p>Die Schweiz entscheide weiterhin eigenst\u00e4ndig dar\u00fcber, ob sie neue Rechtsakte der EU \u00fcbernehme oder nicht. \u00abIhre Souver\u00e4nit\u00e4t bleibt somit vollumf\u00e4nglich gewahrt\u00bb, erkl\u00e4rte das Departement. Eine automatische \u00dcbernahme von EU-Recht sei nicht vorgesehen. Jeder einzelne Rechtsakt m\u00fcsse gem\u00e4ss den \u00fcblichen nationalen Verfahren f\u00fcr internationale Vertr\u00e4ge genehmigt werden.<\/p>\n<p>Grunds\u00e4tzlich liege die Zust\u00e4ndigkeit f\u00fcr solche Genehmigungen bei der Bundesversammlung. Nur wenn ein Gesetz oder ein Vertrag entsprechende Kompetenzen \u00fcbertrage, k\u00f6nne der Bundesrat entscheiden und diese unter bestimmten Voraussetzungen an ein Departement oder eine Beh\u00f6rde delegieren. Die geplanten Abkommen selbst enthielten dazu keine Regelungen. Wer zust\u00e4ndig sei, bestimme daher ausschliesslich das Schweizer Recht.<\/p>\n<p>Auch das Referendumsrecht bleibe bestehen. Die \u00dcbernahme eines EU-Rechtsakts k\u00f6nne dem fakultativen Referendum unterliegen, wenn die Voraussetzungen der Bundesverfassung erf\u00fcllt seien. Dies sei etwa der Fall, wenn wichtige rechtliche Bestimmungen betroffen seien oder wenn zur Umsetzung neue Bundesgesetze erforderlich w\u00fcrden.<\/p>\n","protected":false},"excerpt":{"rendered":"Das eidgen\u00f6ssische Departement f\u00fcr ausw\u00e4rtige Angelegenheiten (EDA) sieht in den geplanten Abkommen der \u00abBilateralen III\u00bb keinen Verlust an&hellip;\n","protected":false},"author":2,"featured_media":859527,"comment_status":"","ping_status":"","sticky":false,"template":"","format":"standard","meta":{"footnotes":"","_share_on_mastodon":"0"},"categories":[3933],"tags":[331,332,43604,548,663,158,3934,3935,1014,13,14,15,16,12,293,28489],"class_list":["post-859526","post","type-post","status-publish","format-standard","has-post-thumbnail","category-eu","tag-aktuelle-nachrichten","tag-aktuelle-news","tag-eda","tag-eu","tag-europa","tag-europaeische-union","tag-europe","tag-european-union","tag-gesetzgebung","tag-headlines","tag-nachrichten","tag-news","tag-politik","tag-schlagzeilen","tag-schweiz","tag-souveraenitaet"],"share_on_mastodon":{"url":"https:\/\/pubeurope.com\/@de\/116209110812013862","error":""},"_links":{"self":[{"href":"https:\/\/www.europesays.com\/de\/wp-json\/wp\/v2\/posts\/859526","targetHints":{"allow":["GET"]}}],"collection":[{"href":"https:\/\/www.europesays.com\/de\/wp-json\/wp\/v2\/posts"}],"about":[{"href":"https:\/\/www.europesays.com\/de\/wp-json\/wp\/v2\/types\/post"}],"author":[{"embeddable":true,"href":"https:\/\/www.europesays.com\/de\/wp-json\/wp\/v2\/users\/2"}],"replies":[{"embeddable":true,"href":"https:\/\/www.europesays.com\/de\/wp-json\/wp\/v2\/comments?post=859526"}],"version-history":[{"count":0,"href":"https:\/\/www.europesays.com\/de\/wp-json\/wp\/v2\/posts\/859526\/revisions"}],"wp:featuredmedia":[{"embeddable":true,"href":"https:\/\/www.europesays.com\/de\/wp-json\/wp\/v2\/media\/859527"}],"wp:attachment":[{"href":"https:\/\/www.europesays.com\/de\/wp-json\/wp\/v2\/media?parent=859526"}],"wp:term":[{"taxonomy":"category","embeddable":true,"href":"https:\/\/www.europesays.com\/de\/wp-json\/wp\/v2\/categories?post=859526"},{"taxonomy":"post_tag","embeddable":true,"href":"https:\/\/www.europesays.com\/de\/wp-json\/wp\/v2\/tags?post=859526"}],"curies":[{"name":"wp","href":"https:\/\/api.w.org\/{rel}","templated":true}]}}