{"id":859579,"date":"2026-03-11T06:52:14","date_gmt":"2026-03-11T06:52:14","guid":{"rendered":"https:\/\/www.europesays.com\/de\/859579\/"},"modified":"2026-03-11T06:52:14","modified_gmt":"2026-03-11T06:52:14","slug":"unfall-und-stau-auf-der-a8-zwischen-dachau-und-muenchen-eschenried","status":"publish","type":"post","link":"https:\/\/www.europesays.com\/de\/859579\/","title":{"rendered":"Unfall und Stau auf der A8 zwischen Dachau und M\u00fcnchen-Eschenried"},"content":{"rendered":"<p class=\"mb-6 text-xs md:text-m lg:text-l font-serif group-[.font-sans]:font-sans \">\n    Wer am Morgen mit dem <a href=\"https:\/\/www.ka-news.de\/auto\" target=\"_self\" class=\"underline \" rel=\"nofollow noopener\">Auto<\/a> Richtung <a href=\"https:\/\/www.augsburger-allgemeine.de\/orte\/aa-muenchen\" target=\"_self\" class=\"underline \" rel=\"nofollow noopener\">M\u00fcnchen<\/a> unterwegs ist, muss mit gr\u00f6\u00dferen Einschr\u00e4nkungen und einer l\u00e4ngeren Fahrzeit rechnen. Zu einem Unfall kam es am Mittwoch, 11. M\u00e4rz, auf der Autobahn A8 zwischen Dachau\/F\u00fcrstenfeldbruck und dem Dreieck M\u00fcnchen-Eschenried. Er ereignete sich in Fahrtrichtung M\u00fcnchen gegen 7 Uhr auf dem mittleren Fahrstreifen, wie ein Sprecher der Verkehrspolizeiinspektion F\u00fcrstenfeldbruck auf Nachfrage erkl\u00e4rte.\n  <\/p>\n<p class=\"mb-6 text-xs md:text-m lg:text-l font-serif group-[.font-sans]:font-sans \">\n    Da die Polizeistreife erst seit wenigen Minuten vor Ort sei, seien noch keine weiteren Informationen zum Unfall bekannt. Es baue sich aber aktuell ein Stau im Berufsverkehr auf. Laut dem Portal Bayerninfo des bayerischen Verkehrsministeriums zieht sich dieser bereits auf einer L\u00e4nge von etwa 4,5 Kilometern.\n  <\/p>\n<ul data-module-id=\"DragDropModule\" class=\"flex flex-wrap justify-start group-[.no-bookmarks]:hidden\">\n<li class=\"mb-3 mr-3\">\n    Dominik Sch\u00e4tzle<\/p>\n<p>      Icon Haken im Kreis gesetzt<\/p>\n<p>      Icon Plus im Kreis<\/p>\n<\/li>\n<li class=\"mb-3 mr-3\">\n    Unfall<\/p>\n<p>      Icon Haken im Kreis gesetzt<\/p>\n<p>      Icon Plus im Kreis<\/p>\n<\/li>\n<li class=\"mb-3 mr-3\">\n    M\u00fcnchen<\/p>\n<p>      Icon Haken im Kreis gesetzt<\/p>\n<p>      Icon Plus im Kreis<\/p>\n<\/li>\n<\/ul>\n","protected":false},"excerpt":{"rendered":"Wer am Morgen mit dem Auto Richtung M\u00fcnchen unterwegs ist, muss mit gr\u00f6\u00dferen Einschr\u00e4nkungen und einer l\u00e4ngeren Fahrzeit&hellip;\n","protected":false},"author":2,"featured_media":859580,"comment_status":"","ping_status":"","sticky":false,"template":"","format":"standard","meta":{"footnotes":"","_share_on_mastodon":"0"},"categories":[1827],"tags":[513,772,22621,24213,29,190615,25219,30,1268,4125,1284,13068,6773],"class_list":["post-859579","post","type-post","status-publish","format-standard","has-post-thumbnail","category-muenchen","tag-auto","tag-bayern","tag-berufsverkehr","tag-dachau","tag-deutschland","tag-eschenried","tag-fuerstenfeldbruck","tag-germany","tag-muenchen","tag-pendler","tag-unfall","tag-verkehrsaufkommen","tag-verkehrsministerium"],"share_on_mastodon":{"url":"https:\/\/pubeurope.com\/@de\/116209224694894841","error":""},"_links":{"self":[{"href":"https:\/\/www.europesays.com\/de\/wp-json\/wp\/v2\/posts\/859579","targetHints":{"allow":["GET"]}}],"collection":[{"href":"https:\/\/www.europesays.com\/de\/wp-json\/wp\/v2\/posts"}],"about":[{"href":"https:\/\/www.europesays.com\/de\/wp-json\/wp\/v2\/types\/post"}],"author":[{"embeddable":true,"href":"https:\/\/www.europesays.com\/de\/wp-json\/wp\/v2\/users\/2"}],"replies":[{"embeddable":true,"href":"https:\/\/www.europesays.com\/de\/wp-json\/wp\/v2\/comments?post=859579"}],"version-history":[{"count":0,"href":"https:\/\/www.europesays.com\/de\/wp-json\/wp\/v2\/posts\/859579\/revisions"}],"wp:featuredmedia":[{"embeddable":true,"href":"https:\/\/www.europesays.com\/de\/wp-json\/wp\/v2\/media\/859580"}],"wp:attachment":[{"href":"https:\/\/www.europesays.com\/de\/wp-json\/wp\/v2\/media?parent=859579"}],"wp:term":[{"taxonomy":"category","embeddable":true,"href":"https:\/\/www.europesays.com\/de\/wp-json\/wp\/v2\/categories?post=859579"},{"taxonomy":"post_tag","embeddable":true,"href":"https:\/\/www.europesays.com\/de\/wp-json\/wp\/v2\/tags?post=859579"}],"curies":[{"name":"wp","href":"https:\/\/api.w.org\/{rel}","templated":true}]}}