{"id":859906,"date":"2026-03-11T09:53:28","date_gmt":"2026-03-11T09:53:28","guid":{"rendered":"https:\/\/www.europesays.com\/de\/859906\/"},"modified":"2026-03-11T09:53:28","modified_gmt":"2026-03-11T09:53:28","slug":"forbes-liste-so-viele-milliardaere-wie-noch-nie","status":"publish","type":"post","link":"https:\/\/www.europesays.com\/de\/859906\/","title":{"rendered":"Forbes-Liste: So viele Milliard\u00e4re wie noch nie"},"content":{"rendered":"<p>            <img loading=\"lazy\" decoding=\"async\" class=\"ts-image\" src=\"https:\/\/www.europesays.com\/de\/wp-content\/uploads\/2026\/03\/musk-292.jpg\" alt=\"Elon Musk\" title=\"Elon Musk | picture alliance\/KEYSTONE\"\/><\/p>\n<p class=\"metatextline\">Stand: 11.03.2026 \u2022 09:23 Uhr<\/p>\n<p class=\"article-head__shorttext\">\n        <strong>Der Boom rund um K\u00fcnstliche Intelligenz treibt die Verm\u00f6gen der Superreichen auf Rekordh\u00f6hen. Laut Forbes gibt es weltweit so viele Milliard\u00e4re wie noch nie &#8211; mit Tesla-Chef Musk weiter an der Spitze.<\/strong>\n    <\/p>\n<p class=\"textabsatz m-ten m-offset-one l-eight l-offset-two columns twelve\">Der Boom rund um K\u00fcnstliche Intelligenz (KI) hat die Verm\u00f6gen der Superreichen weltweit stark wachsen lassen. Laut dem US-Magazin Forbes hat die Zahl der Milliard\u00e4re einen Rekordwert erreicht. Die inzwischen 40. Ausgabe der Forbes-Milliard\u00e4rsliste z\u00e4hlt weltweit 3428 Milliard\u00e4re &#8211; rund 400 mehr als im vergangenen Jahr.<\/p>\n<p class=\"textabsatz m-ten m-offset-one l-eight l-offset-two columns twelve\">&#8222;Es ist das Jahr der Milliard\u00e4re&#8220;, erkl\u00e4rte Forbes-Redakteur Chase Peterson-Withorn. Innerhalb von zw\u00f6lf Monaten sei statistisch mehr als ein neuer Milliard\u00e4r pro Tag hinzugekommen. Haupttreiber sei ein durch K\u00fcnstliche Intelligenz befeuerter B\u00f6rsenboom, der die weltweiten Verm\u00f6gen auf bisher kaum vorstellbare H\u00f6hen getrieben habe.<\/p>\n<p>    Elon Musk weiter deutlich reichster Mensch<\/p>\n<p class=\"textabsatz m-ten m-offset-one l-eight l-offset-two columns twelve\">An der Spitze der Rangliste steht erneut Elon Musk. Der Chef von Tesla und SpaceX konnte seinen Besitz binnen eines Jahres mehr als verdoppeln &#8211; und ist nun als erster Mensch auf dem Weg zum Billion\u00e4r: Musk verf\u00fcgt laut Forbes mittlerweile \u00fcber ein gesch\u00e4tztes Verm\u00f6gen von rund 839 Milliarden Dollar.<\/p>\n<p class=\"textabsatz m-ten m-offset-one l-eight l-offset-two columns twelve\">Musk liegt damit deutlich vor seinen Verfolgern: Auf den Pl\u00e4tzen zwei und drei folgen die Google-Mitgr\u00fcnder Larry Page und Sergey Brin, dahinter Amazon-Gr\u00fcnder Jeff Bezos. Meta-Chef Mark Zuckerberg komplettiert die Top f\u00fcnf. Musks Verm\u00f6gen inzwischen gr\u00f6\u00dfer als das der drei n\u00e4chstplatzierten Milliard\u00e4re zusammen.<\/p>\n<p>    Trump legt dank Kryptow\u00e4hrungen zu<\/p>\n<p class=\"textabsatz m-ten m-offset-one l-eight l-offset-two columns twelve\">Auch Deutschland ist auf der Liste vertreten. Reichster Deutscher bleibt Dieter Schwarz, Gr\u00fcnder der Schwarz-Gruppe mit der Discounterkette Lidl. Sein Verm\u00f6gen wird auf gut 67 Milliarden Dollar gesch\u00e4tzt. Damit klettert er im weltweiten Ranking auf Platz 29.<\/p>\n<p class=\"textabsatz m-ten m-offset-one l-eight l-offset-two columns twelve\">Zu den Gewinnern z\u00e4hlt auch US-Pr\u00e4sident Donald Trump. Sein Verm\u00f6gen stieg im ersten Jahr seiner zweiten Amtszeit laut Forbes um 27 Prozent auf rund 6,5 Milliarden Dollar. Hintergrund sind demzufolge allem Investitionen in Kryptow\u00e4hrungen. Im globalen Ranking belegt Trump Platz 645.<\/p>\n<p class=\"textabsatz m-ten m-offset-one l-eight l-offset-two columns twelve\">Zudem hat es Dr. Dre nun tats\u00e4chlich auf die Forbes-Milliard\u00e4rsliste geschafft &#8211; fast zw\u00f6lf Jahre, nachdem er sich selbst als &#8222;ersten Hip-Hop-Milliard\u00e4r&#8220; bezeichnet hatte.<\/p>\n<p>    Musk \u00fcber Geld und Gl\u00fcck<\/p>\n<p class=\"textabsatz m-ten m-offset-one l-eight l-offset-two columns twelve\">Trotz seines enormen Reichtums \u00e4u\u00dferte sich Musk zuletzt \u00fcberraschend nachdenklich. &#8222;Wer auch immer gesagt hat: Geld kann kein Gl\u00fcck kaufen, wusste wirklich, wovon er sprach&#8220;, schrieb der 54-j\u00e4hrige Unternehmer Anfang Februar auf seiner Plattform X zu einem traurigen Emoji. Das \u00fcberraschende Bekenntnis erzeugte Millionen von Klicks.<\/p>\n","protected":false},"excerpt":{"rendered":"Stand: 11.03.2026 \u2022 09:23 Uhr Der Boom rund um K\u00fcnstliche Intelligenz treibt die Verm\u00f6gen der Superreichen auf Rekordh\u00f6hen.&hellip;\n","protected":false},"author":2,"featured_media":859907,"comment_status":"","ping_status":"","sticky":false,"template":"","format":"standard","meta":{"footnotes":"","_share_on_mastodon":"0"},"categories":[134],"tags":[175,170,169,29,444,154282,30,171,174,11807,12286,4433,113,173,172,14538],"class_list":["post-859906","post","type-post","status-publish","format-standard","has-post-thumbnail","category-unternehmen-maerkte","tag-business","tag-companies","tag-companies-markets","tag-deutschland","tag-elon-musk","tag-forbes-liste","tag-germany","tag-markets","tag-maerkte","tag-milliardaere","tag-ranking","tag-reiche","tag-trump","tag-unternehmen","tag-unternehmen-maerkte","tag-vermoegen"],"share_on_mastodon":{"url":"https:\/\/pubeurope.com\/@de\/116209936454633242","error":""},"_links":{"self":[{"href":"https:\/\/www.europesays.com\/de\/wp-json\/wp\/v2\/posts\/859906","targetHints":{"allow":["GET"]}}],"collection":[{"href":"https:\/\/www.europesays.com\/de\/wp-json\/wp\/v2\/posts"}],"about":[{"href":"https:\/\/www.europesays.com\/de\/wp-json\/wp\/v2\/types\/post"}],"author":[{"embeddable":true,"href":"https:\/\/www.europesays.com\/de\/wp-json\/wp\/v2\/users\/2"}],"replies":[{"embeddable":true,"href":"https:\/\/www.europesays.com\/de\/wp-json\/wp\/v2\/comments?post=859906"}],"version-history":[{"count":0,"href":"https:\/\/www.europesays.com\/de\/wp-json\/wp\/v2\/posts\/859906\/revisions"}],"wp:featuredmedia":[{"embeddable":true,"href":"https:\/\/www.europesays.com\/de\/wp-json\/wp\/v2\/media\/859907"}],"wp:attachment":[{"href":"https:\/\/www.europesays.com\/de\/wp-json\/wp\/v2\/media?parent=859906"}],"wp:term":[{"taxonomy":"category","embeddable":true,"href":"https:\/\/www.europesays.com\/de\/wp-json\/wp\/v2\/categories?post=859906"},{"taxonomy":"post_tag","embeddable":true,"href":"https:\/\/www.europesays.com\/de\/wp-json\/wp\/v2\/tags?post=859906"}],"curies":[{"name":"wp","href":"https:\/\/api.w.org\/{rel}","templated":true}]}}