{"id":860057,"date":"2026-03-11T11:16:15","date_gmt":"2026-03-11T11:16:15","guid":{"rendered":"https:\/\/www.europesays.com\/de\/860057\/"},"modified":"2026-03-11T11:16:15","modified_gmt":"2026-03-11T11:16:15","slug":"neuer-anfuehrer-des-iran-verletzt-aber-wohlauf","status":"publish","type":"post","link":"https:\/\/www.europesays.com\/de\/860057\/","title":{"rendered":"Neuer Anf\u00fchrer des Iran &#8222;verletzt, aber wohlauf&#8220;"},"content":{"rendered":"<p>Newsblog zum Krieg in Nahost <\/p>\n<p>Neuer Anf\u00fchrer des Iran &#8222;verletzt, aber wohlauf&#8220;<\/p>\n<p>Aktualisiert am 11.03.2026 &#8211; 09:17 UhrLesedauer: 48 Min.<\/p>\n<p><img style=\"--width:32;--height:32\" loading=\"lazy\" src=\"https:\/\/www.t-online.de\/s\/paper\/_next\/static\/media\/loading-indicator-magenta.1f35d8de.svg\" alt=\"Video l\u00e4dt\" title=\"Video l\u00e4dt\" class=\"block h-[calc(var(--height)_\/_16_*_1rem)] w-[calc(var(--width)_\/_16_*_1rem)] max-w-none undefined\" decoding=\"async\"\/>Player wird geladen<\/p>\n<p>Im Video: Im Video: Die HMS &#8222;Dragon&#8220; verl\u00e4sst Portsmouth. (Quelle: t-online)<\/p>\n<p class=\"font-bold text-18 leading-17 user-text-lg:text-22 user-text-xl:text-24\">In Dubai sind zwei Drohnen in der N\u00e4he des Flughafens eingeschlagen. Der neue Anf\u00fchrer des Iran wurde bei einem US-Angriff verletzt. Alle Entwicklungen im Newsblog.<\/p>\n<p class=\"text-18 leading-17 user-text-lg:text-22 user-text-xl:text-24\">US-Pr\u00e4sident <a class=\"transition-colors duration-200 cursor-pointer text-inherit no-underline text-salemsfur md:hover:text-magenta md:hover:border-magenta md:focus:text-magenta border-current border-b border-solid break-words\" data-tracking=\"{&quot;action&quot;:&quot;click&quot;,&quot;category&quot;:&quot;intextLink&quot;,&quot;label&quot;:&quot;\/themen\/donald-trump\/&quot;}\" href=\"https:\/\/www.t-online.de\/themen\/donald-trump\/\" data-sctrack=\"BodyAnchor\" rel=\"nofollow noopener\" target=\"_blank\">Donald Trump<\/a> hat nach Angaben des Fifa-Pr\u00e4sidenten Gianni Infantino zugesichert, dass die iranische Fu\u00dfball-Nationalmannschaft trotz des anhaltenden Krieges im Nahen Osten bei der WM im Sommer antreten darf. Der <a class=\"transition-colors duration-200 cursor-pointer text-inherit no-underline text-salemsfur md:hover:text-magenta md:hover:border-magenta md:focus:text-magenta border-current border-b border-solid break-words\" data-tracking=\"{&quot;action&quot;:&quot;click&quot;,&quot;category&quot;:&quot;intextLink&quot;,&quot;label&quot;:&quot;\/themen\/iran\/&quot;}\" href=\"https:\/\/www.t-online.de\/themen\/iran\/\" data-sctrack=\"BodyAnchor\" rel=\"nofollow noopener\" target=\"_blank\">Iran<\/a> sei &#8222;willkommen&#8220;, habe Trump betont, wie der Pr\u00e4sident des Weltverbands am Mittwoch berichtete.<\/p>\n<p class=\"text-18 leading-17 user-text-lg:text-22 user-text-xl:text-24\">Infantino berichtete von einem Gespr\u00e4ch mit Trump, bei dem auch die Lage in Iran Thema gewesen sei. &#8222;W\u00e4hrend dieser Gespr\u00e4che bekr\u00e4ftigte Pr\u00e4sident Trump, dass die iranische Mannschaft selbstverst\u00e4ndlich herzlich eingeladen sei, an dem Turnier in den Vereinigten Staaten teilzunehmen&#8220;, schrieb Infantino bei Instagram. Trump hatte zuletzt gesagt, es sei ihm &#8222;wirklich egal&#8220;, ob Iran an der WM teilnehmen werde.<\/p>\n<p class=\"text-18 leading-17 user-text-lg:text-22 user-text-xl:text-24\">In der N\u00e4he des internationalen Flughafens in <a class=\"transition-colors duration-200 cursor-pointer text-inherit no-underline text-salemsfur md:hover:text-magenta md:hover:border-magenta md:focus:text-magenta border-current border-b border-solid break-words\" data-tracking=\"{&quot;action&quot;:&quot;click&quot;,&quot;category&quot;:&quot;intextLink&quot;,&quot;label&quot;:&quot;\/themen\/dubai\/&quot;}\" href=\"https:\/\/www.t-online.de\/themen\/dubai\/\" data-sctrack=\"BodyAnchor\" rel=\"nofollow noopener\" target=\"_blank\">Dubai<\/a> sind zwei Drohnen eingeschlagen und vier Menschen verletzt worden. Das meldet das Dubai Media Office, das im Namen der Regierung Nachrichten verbreitet. Bei dem Angriff seien zwei ghanaische und ein bangladeschischer Staatsangeh\u00f6riger leicht verletzt worden. Ein indischer Staatsangeh\u00f6riger habe mittelschwere Verletzungen erlitten. Der <a class=\"transition-colors duration-200 cursor-pointer text-inherit no-underline text-salemsfur md:hover:text-magenta md:hover:border-magenta md:focus:text-magenta border-current border-b border-solid break-words\" data-tracking=\"{&quot;action&quot;:&quot;click&quot;,&quot;category&quot;:&quot;intextLink&quot;,&quot;label&quot;:&quot;\/themen\/flugverkehr\/&quot;}\" href=\"https:\/\/www.t-online.de\/themen\/flugverkehr\/\" data-sctrack=\"BodyAnchor\" rel=\"nofollow noopener\" target=\"_blank\">Flugverkehr<\/a> finde regul\u00e4r statt, so das Dubai Media Office.<\/p>\n<p class=\"text-18 leading-17 user-text-lg:text-22 user-text-xl:text-24\">Der neue oberste Anf\u00fchrer des Iran, Modschtaba Chamenei, ist trotz Verletzungen infolge der US-israelischen Angriffe auf den Iran &#8222;wohlauf&#8220;. Dies gab Jussef Peseschkian, der Sohn des iranischen Pr\u00e4sidenten, am Mittwoch im Onlinedienst Telegram bekannt. &#8222;Ich habe Freunde mit Verbindungen gefragt. Sie sagten mir, dass er Gott sei Dank wohlauf ist&#8220;, erkl\u00e4rte Peseschkian, der auch als Regierungsberater fungiert.<\/p>\n<p class=\"text-18 leading-17 user-text-lg:text-22 user-text-xl:text-24\">Modschtaba Chamenei wurde am Sonntag zum obersten F\u00fchrer des Iran ernannt. Berichten zufolge war er bei dem Angriff am 28. Februar verletzt worden, bei dem sein Vater Ali Chamenei get\u00f6tet worden war. Im staatlichen iranischen Fernsehen war Chamenei als &#8222;verwundeter Veteran des Ramadan-Krieges&#8220; bezeichnet worden. Details \u00fcber das Ausma\u00df seiner Verletzungen wurden jedoch nicht genannt. Seit dem US-israelischen Angriff zu Beginn des Iran-Krieges ist Modschtaba Chamenei nicht \u00f6ffentlich aufgetreten.<\/p>\n<p class=\"text-18 leading-17 user-text-lg:text-22 user-text-xl:text-24\">Das iranische Milit\u00e4r greife gezielt die US-amerikanischen Schwachstellen an. Das sagten zwei hochrangige US-Verteidigungsbeamte der &#8222;New York Times&#8220; (NYT). Allein das \u00dcberstehen des US-israelischen Beschusses k\u00f6nne die Regierung in Teheran als Sieg f\u00fcr sich verbuchen, so die Beamten.<\/p>\n","protected":false},"excerpt":{"rendered":"Newsblog zum Krieg in Nahost Neuer Anf\u00fchrer des Iran &#8222;verletzt, aber wohlauf&#8220; Aktualisiert am 11.03.2026 &#8211; 09:17 UhrLesedauer:&hellip;\n","protected":false},"author":2,"featured_media":860058,"comment_status":"","ping_status":"","sticky":false,"template":"","format":"standard","meta":{"footnotes":"","_share_on_mastodon":"0"},"categories":[5],"tags":[1217,326,64355,2140,106,1478,10250,5695,31007,5696,13,152,345,186871,411,30157,451,187591,14,453,15,3129,3313,12,9976,10,8,9,11,64,8975],"class_list":["post-860057","post","type-post","status-publish","format-standard","has-post-thumbnail","category-nachrichten","tag-1217","tag-326","tag-ali-chamenei","tag-angriff","tag-donald-trump","tag-drohne","tag-dubai","tag-fifa","tag-fussball-nationalmannschaft","tag-gianni-infantino","tag-headlines","tag-instagram","tag-iran","tag-iran-krieg","tag-israel","tag-kuwait","tag-militaer","tag-modschtaba-chamenei","tag-nachrichten","tag-new-york-times","tag-news","tag-newsblog","tag-ramadan","tag-schlagzeilen","tag-teheran","tag-top-news","tag-top-meldungen","tag-topmeldungen","tag-topnews","tag-usa","tag-wsj"],"share_on_mastodon":{"url":"https:\/\/pubeurope.com\/@de\/116210262810993431","error":""},"_links":{"self":[{"href":"https:\/\/www.europesays.com\/de\/wp-json\/wp\/v2\/posts\/860057","targetHints":{"allow":["GET"]}}],"collection":[{"href":"https:\/\/www.europesays.com\/de\/wp-json\/wp\/v2\/posts"}],"about":[{"href":"https:\/\/www.europesays.com\/de\/wp-json\/wp\/v2\/types\/post"}],"author":[{"embeddable":true,"href":"https:\/\/www.europesays.com\/de\/wp-json\/wp\/v2\/users\/2"}],"replies":[{"embeddable":true,"href":"https:\/\/www.europesays.com\/de\/wp-json\/wp\/v2\/comments?post=860057"}],"version-history":[{"count":0,"href":"https:\/\/www.europesays.com\/de\/wp-json\/wp\/v2\/posts\/860057\/revisions"}],"wp:featuredmedia":[{"embeddable":true,"href":"https:\/\/www.europesays.com\/de\/wp-json\/wp\/v2\/media\/860058"}],"wp:attachment":[{"href":"https:\/\/www.europesays.com\/de\/wp-json\/wp\/v2\/media?parent=860057"}],"wp:term":[{"taxonomy":"category","embeddable":true,"href":"https:\/\/www.europesays.com\/de\/wp-json\/wp\/v2\/categories?post=860057"},{"taxonomy":"post_tag","embeddable":true,"href":"https:\/\/www.europesays.com\/de\/wp-json\/wp\/v2\/tags?post=860057"}],"curies":[{"name":"wp","href":"https:\/\/api.w.org\/{rel}","templated":true}]}}