{"id":860220,"date":"2026-03-11T12:47:13","date_gmt":"2026-03-11T12:47:13","guid":{"rendered":"https:\/\/www.europesays.com\/de\/860220\/"},"modified":"2026-03-11T12:47:13","modified_gmt":"2026-03-11T12:47:13","slug":"augsburger-zoll-ermittelt-wegen-schwarzarbeit","status":"publish","type":"post","link":"https:\/\/www.europesays.com\/de\/860220\/","title":{"rendered":"Augsburger Zoll ermittelt wegen Schwarzarbeit"},"content":{"rendered":"<p class=\"mb-6 text-xs md:text-m lg:text-l font-serif group-[.font-sans]:font-sans \">\n    Im Rahmen von Kontrollen im Baugewerbe hat der Augsburger Zoll am Dienstag zahlreiche Hinweise auf Schwarzarbeit gesammelt.  Wie es in einer aktuellen Mitteilung hei\u00dft, beteiligte sich die Finanzkontrolle Schwarzarbeit (FKS) des Hauptzollamts <a href=\"https:\/\/www.augsburger-allgemeine.de\/augsburg\/\" target=\"_self\" class=\"underline \" rel=\"nofollow noopener\">Augsburg<\/a> an einer bundesweiten <a href=\"https:\/\/www.augsburger-allgemeine.de\/augsburg\/kontrollen-auf-baustellen-augsburger-zoll-nimmt-baubranche-ins-visier-und-deckt-verstoesse-auf-109545654\" target=\"_self\" class=\"underline \" rel=\"nofollow noopener\">Schwerpunktpr\u00fcfung gegen Schwarzarbeit und illegale Besch\u00e4ftigung in der Branche<\/a>. Dabei \u00fcberpr\u00fcften die Beamten unter anderem, ob Arbeitgeber ihre Besch\u00e4ftigten ordnungsgem\u00e4\u00df zur Sozialversicherung angemeldet haben, Sozialleistungen zu Unrecht bezogen oder Mindestl\u00f6hne eingehalten werden.\n  <\/p>\n<p>            Fokus Schwarzarbeit und Mindestlohn: Augsburger Zoll kontrolliert Baugewerbe<\/p>\n<p class=\"mb-6 text-xs md:text-m lg:text-l font-serif group-[.font-sans]:font-sans \">\n    Die Kontrollen fanden im gesamten Zust\u00e4ndigkeitsgebiet des Augsburger Hauptzollamts statt. <a href=\"https:\/\/www.augsburger-allgemeine.de\/augsburg\/milliarden-maschinerie-im-kampf-gegen-organisierte-kriminalitaet-augsburger-zoll-wird-immer-wichtiger-110483571\" target=\"_self\" class=\"underline \" rel=\"nofollow noopener\">Es erstreckt sich \u00fcber ganz Bayerisch-Schwaben und den Gro\u00dfraum Ingolstadt.<\/a> Die FKS pr\u00fcfte insgesamt zehn Betriebe und befragte dabei mehr als 90 Personen zu ihren Besch\u00e4ftigungsverh\u00e4ltnissen.\n  <\/p>\n<p>            Unternehmen im Visier: Pr\u00fcfung ergibt unter anderem illegalen Aufenthalt<\/p>\n<p class=\"mb-6 text-xs md:text-m lg:text-l font-serif group-[.font-sans]:font-sans \">\n    Offenbar ergaben sich direkt Hinweise auf Verst\u00f6\u00dfe: Der Mitteilung zufolge leiteten die Z\u00f6llnerinnen und Z\u00f6llner jeweils zwei Bu\u00dfgeldverfahren und Strafverfahren ein, unter anderem wegen illegalen Aufenthalts. Diese Zahlen k\u00f6nnen sich aber noch deutlich erh\u00f6hen, da sich nun umfangreiche Nachpr\u00fcfungen anschlie\u00dfen. In 20 F\u00e4llen sind noch detailliertere Pr\u00fcfungen erforderlich. (kmax)\n  <\/p>\n<ul data-module-id=\"DragDropModule\" class=\"flex flex-wrap justify-start group-[.no-bookmarks]:hidden\">\n<li class=\"mb-3 mr-3\">\n    Max Kramer<\/p>\n<p>      Icon Haken im Kreis gesetzt<\/p>\n<p>      Icon Plus im Kreis<\/p>\n<\/li>\n<li class=\"mb-3 mr-3\">\n    Schwarzarbeit<\/p>\n<p>      Icon Haken im Kreis gesetzt<\/p>\n<p>      Icon Plus im Kreis<\/p>\n<\/li>\n<li class=\"mb-3 mr-3\">\n    Baugewerbe<\/p>\n<p>      Icon Haken im Kreis gesetzt<\/p>\n<p>      Icon Plus im Kreis<\/p>\n<\/li>\n<\/ul>\n","protected":false},"excerpt":{"rendered":"Im Rahmen von Kontrollen im Baugewerbe hat der Augsburger Zoll am Dienstag zahlreiche Hinweise auf Schwarzarbeit gesammelt. Wie&hellip;\n","protected":false},"author":2,"featured_media":860221,"comment_status":"","ping_status":"","sticky":false,"template":"","format":"standard","meta":{"footnotes":"","_share_on_mastodon":"0"},"categories":[1846],"tags":[680,9888,26171,136723,772,3364,29,548,663,3934,30,3606,13,11148,378,14,15,12,5719,47210],"class_list":["post-860220","post","type-post","status-publish","format-standard","has-post-thumbnail","category-augsburg","tag-augsburg","tag-baubranche","tag-baugewerbe","tag-bayerisch-schwaben","tag-bayern","tag-de","tag-deutschland","tag-eu","tag-europa","tag-europe","tag-germany","tag-hauptzollamt","tag-headlines","tag-ingolstadt","tag-mindestlohn","tag-nachrichten","tag-news","tag-schlagzeilen","tag-schwarzarbeit","tag-ungereimtheit"],"share_on_mastodon":{"url":"https:\/\/pubeurope.com\/@de\/116210620601756917","error":""},"_links":{"self":[{"href":"https:\/\/www.europesays.com\/de\/wp-json\/wp\/v2\/posts\/860220","targetHints":{"allow":["GET"]}}],"collection":[{"href":"https:\/\/www.europesays.com\/de\/wp-json\/wp\/v2\/posts"}],"about":[{"href":"https:\/\/www.europesays.com\/de\/wp-json\/wp\/v2\/types\/post"}],"author":[{"embeddable":true,"href":"https:\/\/www.europesays.com\/de\/wp-json\/wp\/v2\/users\/2"}],"replies":[{"embeddable":true,"href":"https:\/\/www.europesays.com\/de\/wp-json\/wp\/v2\/comments?post=860220"}],"version-history":[{"count":0,"href":"https:\/\/www.europesays.com\/de\/wp-json\/wp\/v2\/posts\/860220\/revisions"}],"wp:featuredmedia":[{"embeddable":true,"href":"https:\/\/www.europesays.com\/de\/wp-json\/wp\/v2\/media\/860221"}],"wp:attachment":[{"href":"https:\/\/www.europesays.com\/de\/wp-json\/wp\/v2\/media?parent=860220"}],"wp:term":[{"taxonomy":"category","embeddable":true,"href":"https:\/\/www.europesays.com\/de\/wp-json\/wp\/v2\/categories?post=860220"},{"taxonomy":"post_tag","embeddable":true,"href":"https:\/\/www.europesays.com\/de\/wp-json\/wp\/v2\/tags?post=860220"}],"curies":[{"name":"wp","href":"https:\/\/api.w.org\/{rel}","templated":true}]}}