{"id":860351,"date":"2026-03-11T13:58:18","date_gmt":"2026-03-11T13:58:18","guid":{"rendered":"https:\/\/www.europesays.com\/de\/860351\/"},"modified":"2026-03-11T13:58:18","modified_gmt":"2026-03-11T13:58:18","slug":"jetzt-kommt-der-wetterumschwung-erst-gewitter-dann-fruehlingssturm-news","status":"publish","type":"post","link":"https:\/\/www.europesays.com\/de\/860351\/","title":{"rendered":"Jetzt kommt der Wetterumschwung: Erst Gewitter, dann Fr\u00fchlingssturm | News"},"content":{"rendered":"<p><a class=\"skip-content skip-content--link\" href=\"#in-content-skip-link-target-v-0-0\">TTS-Player \u00fcberspringen\u21b5<\/a><a id=\"in-content-skip-link-target-v-0-0\" class=\"skip-content--target-link-hidden skip-content skip-content--target-link\" href=\"#in-content-skip-link-target-v-0-0\">Artikel weiterlesen<\/a><\/p>\n<p>Berlin \u2013 <b>Eine kr\u00e4ftige Kaltfront zieht am Mittwoch von Westen \u00fcber das Land. Sie sorgt f\u00fcr viele Wolken, Gewitter und teils kr\u00e4ftigen Wind. W\u00e4hrend es im Osten und S\u00fcdosten zun\u00e4chst noch freundlicher bleibt und die Sonne scheint, wird es im Nordwesten fr\u00fch nass. Und das ist nur ein Vorbote f\u00fcr den Sturm.<\/b><\/p>\n<p>Schon am Vormittag wird das <a href=\"https:\/\/www.bild.de\/news\/aktuelles\/wetter\/wetter-alle-infos-78213998.bild.html\" class=\"text-link\" rel=\"nofollow noopener\" target=\"_blank\">Wetter<\/a> im Westen ungem\u00fctlich: Von der Nordseek\u00fcste bis ins Saarland zieht Regen auf, begleitet von kr\u00e4ftigem S\u00fcdwestwind. Der meiste Regen f\u00e4llt zwischen Nordsee und Schwarzwald: Dort kommen 3 bis 15 Liter pro Quadratmeter runter. Die Temperaturen fallen in den Regionen auf 8 Grad.<\/p>\n<p>Wo das Wetter freundlicher bleibt<\/p>\n<p>Tanja Egerer vom Deutschen Wetterdienst zu BILD: \u201eIm Osten und S\u00fcdosten bleibt es zun\u00e4chst freundlicher. Dort scheint erstmal noch l\u00e4nger die Sonne, der Regen kommt erst abends an.\u201c In Berlin und M\u00fcnchen werden noch einmal bis zu 18 Grad erreicht, bevor am Nachmittag auch dort einzelne Schauer durchziehen.<\/p>\n<p><img decoding=\"async\" width=\"992\" height=\"796\" alt=\"Die Wetterkarte zeigt, wie im Westen die Regenfelder und Schauer aufziehen und der Osten noch gering bew\u00f6lkt ist\" src=\"https:\/\/www.europesays.com\/de\/wp-content\/uploads\/2026\/03\/484cb826b53b6554528b055f334aa649,39746140.jpeg\"   class=\"dynamic\" loading=\"lazy\"\/><\/p>\n<p class=\"fig__caption__text\">Die Wetterkarte zeigt, wie am Mittwoch im Westen die Regenfelder und Schauer aufziehen und der Osten noch gering bew\u00f6lkt ist<\/p>\n<p>Foto: Wetter.net<\/p>\n<p>Wann mit Gewitter zu rechnen ist<\/p>\n<p>Besonders in Baden-W\u00fcrttemberg gibt es schon am Vormittag erste Schauer. In Bayern bleibt es am l\u00e4ngsten sch\u00f6n, dort sind <a href=\"https:\/\/www.bild.de\/news\/wetter\/gewitter-wie-entsteht-das-wetterphaenomen-661e5437aa3c0e1a6f4def74\" class=\"text-link\" rel=\"nofollow noopener\" target=\"_blank\">Gewitter<\/a> erst ab 14 Uhr zu erwarten. Diplom-Meteorologe Dominik Jung zu BILD: \u201eWenn kalte auf warme Luft trifft, kann es pl\u00f6tzlich dunkel werden, schon mal rumpeln, also ordentlich donnern und blitzen und auch mal einen Starkregenschauer geben.\u201c Sein Rat: \u201eHeute sollte man schon einen Schirm dabei haben.\u201c Immerhin: Mit der Kaltfront wird auch <a href=\"https:\/\/www.bild.de\/news\/wetter\/saharastaub-blutregen-teilt-deutschland-in-zwei-haelften-69aed81b28206c8e00ed463c\" class=\"text-link\" rel=\"nofollow noopener\" target=\"_blank\">der Saharastaub aus der Luft gewaschen<\/a>. \u201eDie Luft ist dann wieder sauber und klar\u201c, so der Wetterexperte.<\/p>\n<p>Mehr zum ThemaIn diesen Regionen wird es st\u00fcrmisch<\/p>\n<p>Der Wind frischt sp\u00fcrbar auf. Er weht aus S\u00fcd bis S\u00fcdwest. Verbreitet gibt es starke B\u00f6en bis knapp 50 km\/h. In h\u00f6heren Lagen sind sogar st\u00fcrmische B\u00f6en bis 70 km\/h m\u00f6glich, im Oberharz einzelne Sturmb\u00f6en. Klimatologe Dr. Karsten Brandt zu BILD: \u201eEs rollt eine Kaltfront durch Deutschland, die r\u00e4umt dann mal so richtig auf. An der Nordsee sind bereits am Mittwoch Sturmb\u00f6en m\u00f6glich.\u201c In der Nacht zum Donnerstag verlagert sich der <a href=\"https:\/\/www.bild.de\/news\/wetter\/regen-wie-er-entsteht-und-weitere-infos-zum-wetterphaenomen-660fa057873a8a5d194a417b\" class=\"text-link\" rel=\"nofollow noopener\" target=\"_blank\">Regen<\/a> in den Osten und S\u00fcdosten. Im Westen und Nordwesten klart der Himmel dagegen auf. Die Temperaturen sinken auf 7 bis 0 Grad.<\/p>\n<p><a class=\"article-image__anchor\" href=\"https:\/\/www.bild.de\/news\/aktuelles\/wetter\/wetter-alle-infos-78213998.bild.html\" target=\"false\" rel=\"false nofollow noopener\"><img decoding=\"async\" width=\"992\" height=\"200\" alt=\"\" src=\"https:\/\/www.europesays.com\/de\/wp-content\/uploads\/2026\/03\/042cf384a229f7b6fd1705e4d2e51f52,99bcd0c4.jpeg\"   class=\"dynamic\" loading=\"lazy\"\/><\/a><\/p>\n<p>Foto: BILD<\/p>\n<p>Sturm kommt mit bis zu 120 Kilometern pro Stunde<\/p>\n<p>Am Donnerstag wird der Wetterumschwung noch turbulenter. Laut Experte Dr. Brandt kommt \u201erichtig schwerer <a href=\"https:\/\/www.bild.de\/news\/wetter\/sturm\/stuerme-unwetter-alle-infos-78018438.bild.html\" class=\"text-link\" rel=\"nofollow noopener\" target=\"_blank\">Sturm<\/a>\u201c. Dabei startet der Tag im Osten und S\u00fcdosten noch mit einzelnen Schauern. Sonst bleibt es oft trocken mit viel Sonne. 9 bis 17 Grad werden erreicht. Auf der Nordsee wird es dann am wildesten: Es sind B\u00f6en um 100 km\/h m\u00f6glich, auf Sylt sogar bis zu 120 km\/h. Die Temperaturen liegen dann nur noch bei 10 bis 13 Grad. <\/p>\n<p><b>EXPERTEN IN DIESEM TEXT<\/b><\/p>\n<p><b>Dr. Karsten Brandt <\/b>promovierte an der Universit\u00e4t Duisburg-Essen im Bereich der Klimatologie zum Doktor der Naturwissenschaften (Dr. rer. nat.). Er verfasste mehrere B\u00fccher zum Thema Wetter und ist au\u00dferdem Gr\u00fcnder und Gesch\u00e4ftsf\u00fchrer des Portals Donnerwetter.de.<\/p>\n<p><b>Dominik Jung<\/b> hat an der Johannes Gutenberg-Universit\u00e4t Mainz Meteorologie studiert. Der Diplom-Meteorologe ist Buchautor und Gesch\u00e4ftsf\u00fchrer des Wetterdienstes Q.met, der auch das Wetterportal wetter.net betreibt. Zudem ist er zum Thema Wetter Moderator und Fachbuchautor.<\/p>\n<p><b>Tanja Egerer<\/b> ist Master-Meteorologin und arbeitet seit sechs Jahren in der Vorhersage- und Beratungszentrale vom Deutschen Wetterdienst (DWD) in Offenbach.<\/p>\n","protected":false},"excerpt":{"rendered":"TTS-Player \u00fcberspringen\u21b5Artikel weiterlesen Berlin \u2013 Eine kr\u00e4ftige Kaltfront zieht am Mittwoch von Westen \u00fcber das Land. Sie sorgt&hellip;\n","protected":false},"author":2,"featured_media":860352,"comment_status":"","ping_status":"","sticky":false,"template":"","format":"standard","meta":{"footnotes":"","_share_on_mastodon":"0"},"categories":[2],"tags":[2623,26196,950,29,5863,2008,30,19634,13,17362,14,15,26567,10328,12,185455,16051,9608,138370,45,10,8,9,11,4028,1973,2257,17363,4887,2255],"class_list":["post-860351","post","type-post","status-publish","format-standard","has-post-thumbnail","category-deutschland","tag-bianca-weiner","tag-blitzschlag","tag-deutscher-wetterdienst","tag-deutschland","tag-experten","tag-fruehling","tag-germany","tag-gewitter","tag-headlines","tag-meteorologie","tag-nachrichten","tag-news","tag-niederschlagsmenge","tag-regen","tag-schlagzeilen","tag-seo-first","tag-starkregen","tag-sturm","tag-team-first","tag-texttospeech","tag-top-news","tag-top-meldungen","tag-topmeldungen","tag-topnews","tag-unwetter","tag-wetter","tag-wetterlage","tag-wetterphaenomene","tag-wetterumschwung","tag-wettervorhersage"],"share_on_mastodon":{"url":"https:\/\/pubeurope.com\/@de\/116210900211582696","error":""},"_links":{"self":[{"href":"https:\/\/www.europesays.com\/de\/wp-json\/wp\/v2\/posts\/860351","targetHints":{"allow":["GET"]}}],"collection":[{"href":"https:\/\/www.europesays.com\/de\/wp-json\/wp\/v2\/posts"}],"about":[{"href":"https:\/\/www.europesays.com\/de\/wp-json\/wp\/v2\/types\/post"}],"author":[{"embeddable":true,"href":"https:\/\/www.europesays.com\/de\/wp-json\/wp\/v2\/users\/2"}],"replies":[{"embeddable":true,"href":"https:\/\/www.europesays.com\/de\/wp-json\/wp\/v2\/comments?post=860351"}],"version-history":[{"count":0,"href":"https:\/\/www.europesays.com\/de\/wp-json\/wp\/v2\/posts\/860351\/revisions"}],"wp:featuredmedia":[{"embeddable":true,"href":"https:\/\/www.europesays.com\/de\/wp-json\/wp\/v2\/media\/860352"}],"wp:attachment":[{"href":"https:\/\/www.europesays.com\/de\/wp-json\/wp\/v2\/media?parent=860351"}],"wp:term":[{"taxonomy":"category","embeddable":true,"href":"https:\/\/www.europesays.com\/de\/wp-json\/wp\/v2\/categories?post=860351"},{"taxonomy":"post_tag","embeddable":true,"href":"https:\/\/www.europesays.com\/de\/wp-json\/wp\/v2\/tags?post=860351"}],"curies":[{"name":"wp","href":"https:\/\/api.w.org\/{rel}","templated":true}]}}