{"id":860635,"date":"2026-03-11T16:33:21","date_gmt":"2026-03-11T16:33:21","guid":{"rendered":"https:\/\/www.europesays.com\/de\/860635\/"},"modified":"2026-03-11T16:33:21","modified_gmt":"2026-03-11T16:33:21","slug":"diese-folgen-werden-nie-wieder-gezeigt","status":"publish","type":"post","link":"https:\/\/www.europesays.com\/de\/860635\/","title":{"rendered":"Diese Folgen werden nie wieder gezeigt"},"content":{"rendered":"<p class=\"text-18 leading-17 user-text-lg:text-22 user-text-xl:text-24\">Ihr junges Alter ist der Grund f\u00fcr das Verbot der Folge. Kinskis Rechtsanwalt teilte mit, sie habe als Minderj\u00e4hrige keine wirksame Zustimmung f\u00fcr diese Aufnahmen geben k\u00f6nnen. &#8222;Nastassja Kinski war damals faktisch ohne Begleitung am Set, als die Szenen gedreht wurden \u2013 eine rechtswirksame Einwilligung als Minderj\u00e4hrige ist damit denklogisch ausgeschlossen gewesen&#8220;, so der Anwalt. Seitdem hat der Norddeutsche Rundfunk seinen sechsten &#8222;Tatort&#8220; mit dem Kieler Hauptkommissar Finke (Klaus Schwarzkopf) in den Giftschrank verbannt.<\/p>\n<p class=\"text-18 leading-17 user-text-lg:text-22 user-text-xl:text-24\">Mord in einer Werbeagentur in <a class=\"transition-colors duration-200 cursor-pointer text-inherit no-underline text-salemsfur md:hover:text-magenta md:hover:border-magenta md:focus:text-magenta border-current border-b border-solid break-words\" data-tracking=\"{&quot;action&quot;:&quot;click&quot;,&quot;category&quot;:&quot;intextLink&quot;,&quot;label&quot;:&quot;https:\/\/frankfurt.t-online.de\/region\/frankfurt-am-main\/&quot;}\" href=\"https:\/\/frankfurt.t-online.de\/region\/frankfurt-am-main\/\" data-sctrack=\"BodyAnchor\" rel=\"nofollow noopener\" target=\"_blank\">Frankfurt am Main<\/a>: F\u00fcr Hauptkommissar Sander (Volkert Kraeft) ein einzigartiges Erlebnis \u2013 denn nach diesem Einsatz als &#8222;Tatort&#8220;-Ermittler durfte er nie wieder auf Spurensuche gehen. Dabei lag es gar nicht an Kraeft selbst, dass diese Folge einen Sperrvermerk erhielt. Vielmehr waren inhaltliche Gr\u00fcnde ausschlaggebend: In &#8222;Tatort: Mit nackten F\u00fc\u00dfen&#8220; verbreitete ein Professor den widerlegten Irrglauben, Epilepsie sei eine Geisteskrankheit und Epileptiker neigten \u00fcberdurchschnittlich oft zu Gewaltt\u00e4tigkeit.<\/p>\n<p class=\"text-18 leading-17 user-text-lg:text-22 user-text-xl:text-24\">Betroffene, Mediziner und Wissenschaftsexperten protestierten nach der Ausstrahlung mit Erfolg: Der Film, der den Alternativtitel &#8222;Mord ohne Reue&#8220; trug, wurde verboten. Warum der Hessische Rundfunk \u00fcberhaupt den Auftrag erteilte, bleibt fragw\u00fcrdig. Einige Jahre zuvor hatte der WDR das Drehbuch von Karl-Heinz Willschrei bereits abgelehnt.<\/p>\n<p class=\"text-18 leading-17 user-text-lg:text-22 user-text-xl:text-24\">Nur \u00c4rger mit den Berlinern: Das Hauptstadt-Duo um Glatzeder und Reichel hat gleich zwei verbotene &#8222;Tatort&#8220;-Folgen zu verantworten. &#8222;Tod im Jaguar&#8220; wanderte wegen Antisemitismus-Vorw\u00fcrfen in den Giftschrank. In dem ARD-Krimi wird ein j\u00fcdischer Gesch\u00e4ftsmann durch ein Bombenattentat get\u00f6tet. Anschlie\u00dfend gehen die Ermittler Hinweisen nach, internationale Verstrickungen j\u00fcdischer Gesch\u00e4ftsleute k\u00f6nnten dahinterstecken.<\/p>\n<p class=\"text-18 leading-17 user-text-lg:text-22 user-text-xl:text-24\">Zudem verschickte die Presseabteilung vor Ausstrahlung ein missverst\u00e4ndliches Schreiben mit Hinweisen auf &#8222;antij\u00fcdische Passagen&#8220;, welches medial gro\u00dfe Emp\u00f6rung ausl\u00f6ste. Die ARD entschuldigte sich \u2013 und verbannte die Episode nach der TV-Premiere.<\/p>\n","protected":false},"excerpt":{"rendered":"Ihr junges Alter ist der Grund f\u00fcr das Verbot der Folge. Kinskis Rechtsanwalt teilte mit, sie habe als&hellip;\n","protected":false},"author":2,"featured_media":860636,"comment_status":"","ping_status":"","sticky":false,"template":"","format":"standard","meta":{"footnotes":"","_share_on_mastodon":"0"},"categories":[1773],"tags":[4654,657,223,190855,29,217,3636,214,30687,30,190853,190854,33240,190852,6204,23007,22349,132669,162166,190850,471,1780,226,218,215,190851,28791],"class_list":["post-860635","post","type-post","status-publish","format-standard","has-post-thumbnail","category-serien","tag-wolf","tag-657","tag-ard","tag-christian-quadflieg","tag-deutschland","tag-dortmund","tag-edin-hasanovic","tag-entertainment","tag-frankfurter-rundschau","tag-germany","tag-giftschrank","tag-helmut-fichte","tag-hessischer-rundfunk","tag-klaus-schwarzkopf","tag-lehrkraefte","tag-lindholm","tag-maria-furtwaengler","tag-nacktszene","tag-nastassja-kinski","tag-robinson-reichel","tag-serien","tag-series","tag-t-online","tag-tatort","tag-unterhaltung","tag-volkert-kraeft","tag-winfried-glatzeder"],"share_on_mastodon":{"url":"https:\/\/pubeurope.com\/@de\/116211509250574742","error":""},"_links":{"self":[{"href":"https:\/\/www.europesays.com\/de\/wp-json\/wp\/v2\/posts\/860635","targetHints":{"allow":["GET"]}}],"collection":[{"href":"https:\/\/www.europesays.com\/de\/wp-json\/wp\/v2\/posts"}],"about":[{"href":"https:\/\/www.europesays.com\/de\/wp-json\/wp\/v2\/types\/post"}],"author":[{"embeddable":true,"href":"https:\/\/www.europesays.com\/de\/wp-json\/wp\/v2\/users\/2"}],"replies":[{"embeddable":true,"href":"https:\/\/www.europesays.com\/de\/wp-json\/wp\/v2\/comments?post=860635"}],"version-history":[{"count":0,"href":"https:\/\/www.europesays.com\/de\/wp-json\/wp\/v2\/posts\/860635\/revisions"}],"wp:featuredmedia":[{"embeddable":true,"href":"https:\/\/www.europesays.com\/de\/wp-json\/wp\/v2\/media\/860636"}],"wp:attachment":[{"href":"https:\/\/www.europesays.com\/de\/wp-json\/wp\/v2\/media?parent=860635"}],"wp:term":[{"taxonomy":"category","embeddable":true,"href":"https:\/\/www.europesays.com\/de\/wp-json\/wp\/v2\/categories?post=860635"},{"taxonomy":"post_tag","embeddable":true,"href":"https:\/\/www.europesays.com\/de\/wp-json\/wp\/v2\/tags?post=860635"}],"curies":[{"name":"wp","href":"https:\/\/api.w.org\/{rel}","templated":true}]}}