{"id":860708,"date":"2026-03-11T17:13:19","date_gmt":"2026-03-11T17:13:19","guid":{"rendered":"https:\/\/www.europesays.com\/de\/860708\/"},"modified":"2026-03-11T17:13:19","modified_gmt":"2026-03-11T17:13:19","slug":"experte-quaschning-ueber-die-kehrtwende-der-eu-bei-der-atomenergie","status":"publish","type":"post","link":"https:\/\/www.europesays.com\/de\/860708\/","title":{"rendered":"Experte Quaschning \u00fcber die Kehrtwende der EU bei der Atomenergie"},"content":{"rendered":"<p>            <img loading=\"lazy\" decoding=\"async\" class=\"ts-image\" src=\"https:\/\/www.europesays.com\/de\/wp-content\/uploads\/2026\/03\/sendungsbild-1699982.jpg\" alt=\"Sendungsbild\" title=\"Sendungsbild | ARD-aktuell\"\/><\/p>\n<p class=\"metatextline\">Stand: 11.03.2026 \u2022 18:09 Uhr<\/p>\n<p class=\"article-head__shorttext\">\n        <strong>EU-Kommissionspr\u00e4sidentin von der Leyen hat die Abkehr von der Atomenergie als Fehler bezeichnet. Experte Quaschning sieht das anders: &#8222;Wir k\u00f6nnen in Deutschland eigentlich gar keine Kernkraftwerke mehr sinnvoll ins Netz integrieren.&#8220;<\/strong>\n    <\/p>\n<p class=\"textabsatz m-ten m-offset-one l-eight l-offset-two columns twelve\">Die EU macht eine Kehrtwende und setzt wieder auf Atomenergie. EU-Kommissionspr\u00e4sidentin Ursula von der Leyen bezeichnete die Abkehr in Europa<a href=\"https:\/\/www.tagesschau.de\/ausland\/europa\/eu-frankreich-atomkraft-von-der-leyen-100.html\" title=\"Von der Leyen h\u00e4lt Atomkraft-Abkehr f\u00fcr &quot;strategischen Fehler&quot;\" rel=\"nofollow noopener\" target=\"_blank\"> als &#8222;strategischen Fehler&#8220; <\/a>&#8211; auch angesichts des Krieges in Nahost.<\/p>\n<p class=\"textabsatz m-ten m-offset-one l-eight l-offset-two columns twelve\">Volker Quaschning, Professor f\u00fcr Regenerative Energiesysteme an der HTW Berlin, h\u00e4lt den Ausstieg Deutschlands aus der Kernenergie hingegen f\u00fcr folgerichtig und konsequent. &#8222;Die Technologie ist sehr teuer und riskant&#8220;, sagt er im Interview mit tagesschau24. &#8222;Diese Suggestion, dass wir jetzt eine gro\u00dfe Renaissance der Kernenergie haben, das ist ja gar nicht der Fall.&#8220;<\/p>\n<p class=\"textabsatz m-ten m-offset-one l-eight l-offset-two columns twelve\">Die sechs Kernkraftwerke, \u00fcber in Deutschland am Ende noch gestritten wurde, hatten laut Quaschning nur einen Anteil von drei Prozent am Gesamtenergieaufkommen. &#8222;Diese drei Prozent w\u00fcrden uns bei der aktuellen \u00d6l- und Gaskrise kein bisschen weiterhelfen.&#8220; Um einen nennenswerten Anteil zu erreichen, m\u00fcssten ihm zufolge in Deutschland 50 bis 100 neue Kernkraftwerke gebaut werden. &#8222;Da m\u00f6chte ich den oder die Politikerin mal sehen, die in die Landkreise fahren und das vor Ort vermitteln. Das ist eine reine Illusion.&#8220;<\/p>\n<p>    Quaschning sieht keine konkreten Pl\u00e4ne<\/p>\n<p class=\"textabsatz m-ten m-offset-one l-eight l-offset-two columns twelve\">Selbst Frankreich, das Atomenergie-Bestreben in der EU ma\u00dfgeblich mit vorantreibt, habe &#8222;kein wirkliches Konzept&#8220;. \u00dcber 50 Reaktoren seien schon 40 Jahre alt, nun sei der Bau von sechs Kernreaktoren bis 2038 geplant. Aber Quaschning sagt: &#8222;Man wei\u00df gar nicht, wie man die restlichen ersetzen will.&#8220;<\/p>\n<p class=\"textabsatz m-ten m-offset-one l-eight l-offset-two columns twelve\">Die EU will deshalb nun Mini-Atomreaktoren f\u00f6rdern, die in gro\u00dfen St\u00fcckzahlen g\u00fcnstiger werden sollen. Aber Quaschning ist skeptisch: &#8222;Die Kernenergie ist heute dreimal so teuer wie Solar- und Windenergie. Warum sollte das bei kleineren Reaktoren funktionieren, da sehe ich keine gro\u00dfen Kostenvorteile.&#8220;<\/p>\n<p>    Quaschning: Stattdessen auf Speicher setzen<\/p>\n<p class=\"textabsatz m-ten m-offset-one l-eight l-offset-two columns twelve\">Kernkraftwerke liefern rund um die Uhr Strom &#8211; w\u00fcrden sie also tags\u00fcber betrieben, &#8222;m\u00fcssten wir die Solarenergie abregeln&#8220;, so der Experte. &#8222;Das sind also die technologisch vollkommen falschen Anlagen.&#8220; Nach der Meinung des Professors ist ein sinnvoller Schritt stattdessen die Weiterentwicklung von Speichern, um \u00fcbersch\u00fcssige Solarenergie aus dem Tag in die Nacht zu bringen.<\/p>\n<p class=\"textabsatz m-ten m-offset-one l-eight l-offset-two columns twelve\">Quaschning sieht deshalb einen &#8222;point of no return&#8220; erreicht: &#8222;Das hei\u00dft, wir k\u00f6nnen in Deutschland eigentlich gar keine Kernkraftwerke mehr sinnvoll ins Netz integrieren.&#8220;<\/p>\n","protected":false},"excerpt":{"rendered":"Stand: 11.03.2026 \u2022 18:09 Uhr EU-Kommissionspr\u00e4sidentin von der Leyen hat die Abkehr von der Atomenergie als Fehler bezeichnet.&hellip;\n","protected":false},"author":2,"featured_media":860709,"comment_status":"","ping_status":"","sticky":false,"template":"","format":"standard","meta":{"footnotes":"","_share_on_mastodon":"0"},"categories":[3933],"tags":[331,332,6303,548,663,158,3934,3935,13,14,15,12],"class_list":["post-860708","post","type-post","status-publish","format-standard","has-post-thumbnail","category-eu","tag-aktuelle-nachrichten","tag-aktuelle-news","tag-atomenergie","tag-eu","tag-europa","tag-europaeische-union","tag-europe","tag-european-union","tag-headlines","tag-nachrichten","tag-news","tag-schlagzeilen"],"share_on_mastodon":{"url":"https:\/\/pubeurope.com\/@de\/116211666848224147","error":""},"_links":{"self":[{"href":"https:\/\/www.europesays.com\/de\/wp-json\/wp\/v2\/posts\/860708","targetHints":{"allow":["GET"]}}],"collection":[{"href":"https:\/\/www.europesays.com\/de\/wp-json\/wp\/v2\/posts"}],"about":[{"href":"https:\/\/www.europesays.com\/de\/wp-json\/wp\/v2\/types\/post"}],"author":[{"embeddable":true,"href":"https:\/\/www.europesays.com\/de\/wp-json\/wp\/v2\/users\/2"}],"replies":[{"embeddable":true,"href":"https:\/\/www.europesays.com\/de\/wp-json\/wp\/v2\/comments?post=860708"}],"version-history":[{"count":0,"href":"https:\/\/www.europesays.com\/de\/wp-json\/wp\/v2\/posts\/860708\/revisions"}],"wp:featuredmedia":[{"embeddable":true,"href":"https:\/\/www.europesays.com\/de\/wp-json\/wp\/v2\/media\/860709"}],"wp:attachment":[{"href":"https:\/\/www.europesays.com\/de\/wp-json\/wp\/v2\/media?parent=860708"}],"wp:term":[{"taxonomy":"category","embeddable":true,"href":"https:\/\/www.europesays.com\/de\/wp-json\/wp\/v2\/categories?post=860708"},{"taxonomy":"post_tag","embeddable":true,"href":"https:\/\/www.europesays.com\/de\/wp-json\/wp\/v2\/tags?post=860708"}],"curies":[{"name":"wp","href":"https:\/\/api.w.org\/{rel}","templated":true}]}}