{"id":861226,"date":"2026-03-11T22:04:19","date_gmt":"2026-03-11T22:04:19","guid":{"rendered":"https:\/\/www.europesays.com\/de\/861226\/"},"modified":"2026-03-11T22:04:19","modified_gmt":"2026-03-11T22:04:19","slug":"dynamo-dresden-elfmeter-frust-klaute-der-var-den-sieg-sport","status":"publish","type":"post","link":"https:\/\/www.europesays.com\/de\/861226\/","title":{"rendered":"Dynamo Dresden: Elfmeter-Frust! Klaute der VAR den Sieg? | Sport"},"content":{"rendered":"<p><a class=\"skip-content skip-content--link\" href=\"#in-content-skip-link-target-v-0-0\">TTS-Player \u00fcberspringen\u21b5<\/a><a id=\"in-content-skip-link-target-v-0-0\" class=\"skip-content--target-link-hidden skip-content skip-content--target-link\" href=\"#in-content-skip-link-target-v-0-0\">Artikel weiterlesen<\/a><\/p>\n<p><b>Dynamo Dresden hat beim 3:3 in Karlsruhe den Sieg aufgrund eines deutlichen Leistungsabfalls in der zweiten Halbzeit noch aus der Hand gegeben. Soweit, so gut. Allerdings mehren sich im Nachhinein die Stimmen, dass das nur die halbe Wahrheit ist.<\/b><\/p>\n<p>Fakt ist, dass der KSC zwei der drei Tore vom Punkt schoss. Und genau die zwei Foulstrafst\u00f6\u00dfe erhitzen im Nachgang die Gem\u00fcter, in den sozialen Netzwerken ist der Frust nach Sichtung der Videobilder gro\u00df. BILD arbeitet die Situationen auf.<\/p>\n<p>\u25b6 Elfer Nummer eins: Nach einem Eckball bringt Dynamo-Torwart Tim Schreiber Karlsruhes Christoph Kobald mit den Knien zu Fall, Schiri Florian Badst\u00fcbner pfeift nach kurzer \u00dcberlegung. \u201eF\u00fcr mich eine schwierige Entscheidung. Ich gehe hin, aber nicht zum Ball, sondern in eine Blocksituation. Er sucht halt den Kontakt\u201c, so Schreiber.<\/p>\n<p>Mehr zum Thema<\/p>\n<p>Erschwerend kommt hinzu, dass sich unmittelbar zuvor KSC-Profi Simic die Kugel an die eigene Hand k\u00f6pft. Das ist zun\u00e4chst nicht strafbar, sofern der Spieler danach nicht selbst das Tor erzielt. Allerdings gibt es eine Ausnahme: N\u00e4mlich dann, wenn der Arm vom K\u00f6rper gestreckt ist und sich der Spieler damit unnat\u00fcrlich gr\u00f6\u00dfer macht. Die TV-Bilder belegen: Das ist durchaus der Fall. Niklas Hauptmann: \u201eAm Ende springt der Ball so genau vor die F\u00fc\u00dfe seines Mitspielers.\u201c<\/p>\n<p>BILD-Urteil: Zumindest eine strittige Entscheidung, die durchaus auch h\u00e4tte anders fallen k\u00f6nnen.<\/p>\n<p><img decoding=\"async\" width=\"992\" height=\"558\" alt=\"Den Elfmeter, den Karlsruhes Wanitzek zum sp\u00e4ten 3:3 verwandelte, h\u00e4tte es nicht geben d\u00fcrfen\" src=\"https:\/\/www.europesays.com\/de\/wp-content\/uploads\/2026\/03\/00326a1eb7d54274130c07d498138b99,51bd7462.jpeg\"   class=\"landscape\" loading=\"lazy\"\/><\/p>\n<p class=\"fig__caption__text\">Den Elfmeter, den Karlsruhes Wanitzek zum sp\u00e4ten 3:3 verwandelte, h\u00e4tte es nicht geben d\u00fcrfen<\/p>\n<p>Foto: picture alliance\/GES\/Stefan Mazur<\/p>\n<p>\u25b6 Elfer Nummer zwei: In der vierten Minute der Nachspielzeit gibt es an der Strafraumgrenze einen Kontakt zwischen Dynamo-Verteidiger Alexander Rossipal und KSC-Profi Lilian Egloff. Schiri Badst\u00fcbner entscheidet auf Foul des Dresdners und Freisto\u00df f\u00fcr Karlsruhe. Videoassistent Patrick Hanslbauer schaltet sich ein und teilt Badst\u00fcbner mit, dass sich der Vorfall auf der 16-Meter-Linie und somit im Strafraum ereignet hat. Der Referee korrigiert sich daraufhin und gibt erneut Strafsto\u00df.<\/p>\n<p><img decoding=\"async\" width=\"992\" height=\"1178\" alt=\"Gut zu erkennen: Karlsruhes Egloff (l.) tritt Dresdens Rossipal auf den Fu\u00df\" src=\"https:\/\/www.europesays.com\/de\/wp-content\/uploads\/2026\/03\/83d1218e6d9c72cc635422766faa5c96,f85a071d.jpeg\"   class=\"portrait\" loading=\"lazy\"\/><\/p>\n<p class=\"fig__caption__text\">Gut zu erkennen: Karlsruhes Egloff (l.) tritt Dresdens Rossipal auf den Fu\u00df<\/p>\n<p>Foto: MDR\/SportimOsten<\/p>\n<p>Problem: Der VAR pr\u00fcft offenbar nur, wo das vermeintliche Foul passierte. Aber nicht, wer \u00fcberhaupt wen gefoult hat. Genau das wird den Sachsen zum Verh\u00e4ngnis. Denn auf den verlangsamten TV-Bildern ist deutlich zu erkennen, dass Egloff auf Rossipals Fu\u00df tritt \u2013 und nicht umgekehrt.<\/p>\n<p>BILD-Urteil: Den Strafsto\u00df h\u00e4tte es nicht geben d\u00fcrfen, stattdessen Freisto\u00df f\u00fcr Dynamo. Da ging im <a href=\"https:\/\/www.bild.de\/sport\/fussball\/ex-profis-im-koelner-keller-dieser-vorschlag-wuerde-var-veraendern-6980611578c88161f9da41e2\" class=\"text-link\" rel=\"nofollow noopener\" target=\"_blank\">K\u00f6lner Keller<\/a> wohl Schnelligkeit vor Gr\u00fcndlichkeit.<\/p>\n<p>Stamm lobt Badst\u00fcbner<\/p>\n<p>Trainer Thomas Stamm lobte unmittelbar nach der Partie die Leistung von Badst\u00fcbner: \u201eDas war eine sehr gute Schiedsrichter-Leistung. Sehr klar mit einer guten Linie in beide Richtungen.\u201c M\u00f6glich, dass er nach dem Studium der Fernsehbilder etwas anders dar\u00fcber denkt. <\/p>\n<p>Oft ist davon die Rede, dass sich Gl\u00fcck und Pech im Laufe einer Saison in der Regel ausgleichen. Sollte das tats\u00e4chlich so sein, m\u00fcsste <a href=\"https:\/\/www.bild.de\/sport\/fussball\/dynamo-dresden\/startseite-dynamo-46789412.bild.html\" class=\"text-link\" rel=\"nofollow noopener\" target=\"_blank\">Dynamo Dresden<\/a> in den kommenden Spielen eher Elfmeter f\u00fcr statt gegen sich kriegen. Denn bisher steht die SGD mit acht verursachten Strafst\u00f6\u00dfen in der 2. Liga ganz vorn \u2013 mit nur einem erhaltenen aber ganz hinten&#8230;<\/p>\n","protected":false},"excerpt":{"rendered":"TTS-Player \u00fcberspringen\u21b5Artikel weiterlesen Dynamo Dresden hat beim 3:3 in Karlsruhe den Sieg aufgrund eines deutlichen Leistungsabfalls in der&hellip;\n","protected":false},"author":2,"featured_media":861227,"comment_status":"","ping_status":"","sticky":false,"template":"","format":"standard","meta":{"footnotes":"","_share_on_mastodon":"0"},"categories":[136],"tags":[621,29,481,3766,45274,40800,347,30,3850,482,10012,265,3460,45,784],"class_list":["post-861226","post","type-post","status-publish","format-standard","has-post-thumbnail","category-sport","tag-2-bundesliga","tag-deutschland","tag-dfb","tag-dynamo-dresden","tag-elfmeter","tag-foul","tag-fussball","tag-germany","tag-karlsruher-sc","tag-schiedsrichter","tag-schiedsrichter-entscheidung","tag-sport","tag-sport-leuchtturm-leipzig","tag-texttospeech","tag-zweite-bundesliga"],"share_on_mastodon":{"url":"https:\/\/pubeurope.com\/@de\/116212810917349916","error":""},"_links":{"self":[{"href":"https:\/\/www.europesays.com\/de\/wp-json\/wp\/v2\/posts\/861226","targetHints":{"allow":["GET"]}}],"collection":[{"href":"https:\/\/www.europesays.com\/de\/wp-json\/wp\/v2\/posts"}],"about":[{"href":"https:\/\/www.europesays.com\/de\/wp-json\/wp\/v2\/types\/post"}],"author":[{"embeddable":true,"href":"https:\/\/www.europesays.com\/de\/wp-json\/wp\/v2\/users\/2"}],"replies":[{"embeddable":true,"href":"https:\/\/www.europesays.com\/de\/wp-json\/wp\/v2\/comments?post=861226"}],"version-history":[{"count":0,"href":"https:\/\/www.europesays.com\/de\/wp-json\/wp\/v2\/posts\/861226\/revisions"}],"wp:featuredmedia":[{"embeddable":true,"href":"https:\/\/www.europesays.com\/de\/wp-json\/wp\/v2\/media\/861227"}],"wp:attachment":[{"href":"https:\/\/www.europesays.com\/de\/wp-json\/wp\/v2\/media?parent=861226"}],"wp:term":[{"taxonomy":"category","embeddable":true,"href":"https:\/\/www.europesays.com\/de\/wp-json\/wp\/v2\/categories?post=861226"},{"taxonomy":"post_tag","embeddable":true,"href":"https:\/\/www.europesays.com\/de\/wp-json\/wp\/v2\/tags?post=861226"}],"curies":[{"name":"wp","href":"https:\/\/api.w.org\/{rel}","templated":true}]}}