{"id":861246,"date":"2026-03-11T22:14:19","date_gmt":"2026-03-11T22:14:19","guid":{"rendered":"https:\/\/www.europesays.com\/de\/861246\/"},"modified":"2026-03-11T22:14:19","modified_gmt":"2026-03-11T22:14:19","slug":"bkt-eurocup-niners-chemnitz-scheiden-nach-krimi-in-ljubljana-aus","status":"publish","type":"post","link":"https:\/\/www.europesays.com\/de\/861246\/","title":{"rendered":"BKT EuroCup: Niners Chemnitz scheiden nach Krimi in Ljubljana aus"},"content":{"rendered":"<p class=\"text\">\nVon Beginn an entwickelte sich eine umk\u00e4mpfte Partie. Beide Teams verteidigten aggressiv, sodass zun\u00e4chst nur wenige Punkte fielen. Ljubljana ging fr\u00fch in F\u00fchrung, doch Chemnitz hielt mit erfolgreichen Aktionen unter dem Korb dagegen. Nach zehn Minuten lagen die Gastgeber knapp mit 16:15 vorne. Im zweiten Viertel fanden die Niners offensiv besser in die Partie. Mehrere schnelle Angriffe und erfolgreiche W\u00fcrfe von drau\u00dfen sorgten daf\u00fcr, dass Chemnitz das Spiel drehen konnte. Zwischenzeitlich erspielten sich die Sachsen sogar eine kleine F\u00fchrung und gingen schlie\u00dflich mit einem 39:36-Vorsprung in die Halbzeitpause.<\/p>\n","protected":false},"excerpt":{"rendered":"Von Beginn an entwickelte sich eine umk\u00e4mpfte Partie. Beide Teams verteidigten aggressiv, sodass zun\u00e4chst nur wenige Punkte fielen.&hellip;\n","protected":false},"author":2,"featured_media":861247,"comment_status":"","ping_status":"","sticky":false,"template":"","format":"standard","meta":{"footnotes":"","_share_on_mastodon":"0"},"categories":[1851],"tags":[2493,66444,2770,3364,29,548,663,3934,30,13,81,14,15,29634,22639,190927,29635,859,12,3499,3498],"class_list":["post-861246","post","type-post","status-publish","format-standard","has-post-thumbnail","category-chemnitz","tag-basketball","tag-bkt-eurocup","tag-chemnitz","tag-de","tag-deutschland","tag-eu","tag-europa","tag-europe","tag-germany","tag-headlines","tag-mdr","tag-nachrichten","tag-news","tag-niners","tag-niners-chemnitz","tag-olimpija-ljubljana","tag-rodrigo-pastore","tag-sachsen","tag-schlagzeilen","tag-spio","tag-sport-im-osten"],"share_on_mastodon":{"url":"","error":""},"_links":{"self":[{"href":"https:\/\/www.europesays.com\/de\/wp-json\/wp\/v2\/posts\/861246","targetHints":{"allow":["GET"]}}],"collection":[{"href":"https:\/\/www.europesays.com\/de\/wp-json\/wp\/v2\/posts"}],"about":[{"href":"https:\/\/www.europesays.com\/de\/wp-json\/wp\/v2\/types\/post"}],"author":[{"embeddable":true,"href":"https:\/\/www.europesays.com\/de\/wp-json\/wp\/v2\/users\/2"}],"replies":[{"embeddable":true,"href":"https:\/\/www.europesays.com\/de\/wp-json\/wp\/v2\/comments?post=861246"}],"version-history":[{"count":0,"href":"https:\/\/www.europesays.com\/de\/wp-json\/wp\/v2\/posts\/861246\/revisions"}],"wp:featuredmedia":[{"embeddable":true,"href":"https:\/\/www.europesays.com\/de\/wp-json\/wp\/v2\/media\/861247"}],"wp:attachment":[{"href":"https:\/\/www.europesays.com\/de\/wp-json\/wp\/v2\/media?parent=861246"}],"wp:term":[{"taxonomy":"category","embeddable":true,"href":"https:\/\/www.europesays.com\/de\/wp-json\/wp\/v2\/categories?post=861246"},{"taxonomy":"post_tag","embeddable":true,"href":"https:\/\/www.europesays.com\/de\/wp-json\/wp\/v2\/tags?post=861246"}],"curies":[{"name":"wp","href":"https:\/\/api.w.org\/{rel}","templated":true}]}}