{"id":861675,"date":"2026-03-12T02:33:18","date_gmt":"2026-03-12T02:33:18","guid":{"rendered":"https:\/\/www.europesays.com\/de\/861675\/"},"modified":"2026-03-12T02:33:18","modified_gmt":"2026-03-12T02:33:18","slug":"neustart-foerderprogramme-fuer-gebaeudesanierung-heizungserneuerung-photovoltaik-und-gebaeudebegruenung","status":"publish","type":"post","link":"https:\/\/www.europesays.com\/de\/861675\/","title":{"rendered":"Neustart F\u00f6rderprogramme f\u00fcr Geb\u00e4udesanierung, Heizungserneuerung, Photovoltaik und Geb\u00e4udebegr\u00fcnung"},"content":{"rendered":"<p><img loading=\"lazy\" decoding=\"async\" src=\"https:\/\/www.europesays.com\/de\/wp-content\/uploads\/2026\/03\/mrn_news_platzhalter_logo-5-1-88.jpg\" alt=\"Mrn news platzhalter logo 5\" width=\"900\" height=\"500\" class=\"alignnone size-full wp-image-629350\"  \/>Mannheim \/ Metropolregion Rhein-Neckar(red\/ak) \u2013 Gute Nachrichten f\u00fcr alle, die ihr Zuhause fit f\u00fcr die Zukunft machen wollen: Der Mannheimer Gemeinderat hat heute die F\u00f6rderprogramme der Stadt Mannheim f\u00fcr Energetische Sanierung, Heizungserneuerung, Photovoltaik (Solarbonus) und Geb\u00e4udebegr\u00fcnung beschlossen. Die Programme starten ab morgen (11. M\u00e4rz). Insgesamt stellt die Stadt Mannheim in diesem Jahr eine Million Euro aus dem Klimafonds bereit, um den Weg zur Klimaneutralit\u00e4t gemeinsam mit den B\u00fcrgern zu gehen.<\/p>\n<p>Aufgrund des angepassten F\u00f6rderbudgets gab es einige gezielte \u00c4nderungen, um die Mittel dort einzusetzen, wo sie die gr\u00f6\u00dfte Wirkung entfalten. Dies f\u00fchrte zum Wegfall der F\u00f6rderprogramme f\u00fcr Balkonsolaranlagen und den Austausch von K\u00fchlger\u00e4ten. Die restlichen F\u00f6rderprogramme werden teilweise mit \u00c4nderungen fortgesetzt. \u201eDurch Sanierung der Geb\u00e4udeh\u00fclle, Anschluss an die Fernw\u00e4rme, Installation von W\u00e4rmepumpen und Photovoltaik-Anlagen investieren wir in eine resilientere Zukunft f\u00fcr Mannheim und st\u00e4rken langfristig unsere Versorgungssicherheit\u201c, so Erste B\u00fcrgermeisterin Prof. Dr. Diana Pretzell. \u201eDie verf\u00fcgbaren F\u00f6rdermittel setzen wir gezielt dort ein, wo besondere Herausforderungen bestehen, z. B. in Mehrfamilienh\u00e4usern.\u201c<\/p>\n<p>Photovoltaik: Fokus auf Mehrfamilienh\u00e4user und Vereinsgeb\u00e4ude<br \/>Der Fokus liegt nun verst\u00e4rkt auf Mehrfamilienh\u00e4usern: Auf Ein- und Zweifamilienh\u00e4usern werden nur noch Photovoltaikanlagen gef\u00f6rdert, wenn das Dach begr\u00fcnt ist oder das Geb\u00e4ude unter Denkmalschutz steht. Fassadenanlagen und Solarz\u00e4une sind weiterhin f\u00f6rderf\u00e4hig.<\/p>\n<p>Bei Projekten in Mehrfamilienh\u00e4usern ist k\u00fcnftig Voraussetzung, dass der Solarstrom zumindest zum Teil im Geb\u00e4ude verbraucht wird (Mieterstrommodell oder gemeinschaftliche Geb\u00e4udeversorgung). Das Betriebskonzept zur Stromnutzung im Geb\u00e4ude wird mit 50 Prozent der Kosten, maximal 3.000 Euro, bezuschusst. Ab sofort werden Anlagen auf Geb\u00e4uden von gemeinn\u00fctzigen Vereinen auch gef\u00f6rdert.<\/p>\n<p>Heizungserneuerung: Soziale Staffelung und neue Boni<br \/>Bei der Heizungserneuerung bleibt die Kombination mit der Bundesf\u00f6rderung f\u00fcr effiziente Geb\u00e4ude (BEG) verpflichtend. Die H\u00f6he des st\u00e4dtischen Zuschusses orientiert sich am jeweiligen BEG-Zuschuss und betr\u00e4gt bis zu 4.000 Euro in Ein- bis Zweifamilienh\u00e4usern und bis zu 5.000 Euro in Mehrfamilienh\u00e4usern.<\/p>\n<p>Neu ist die Einf\u00fchrung einer Einkommensgrenze: Haushalte mit geringem oder mittlerem Einkommen erhalten eine erh\u00f6hte F\u00f6rderung. Die W\u00e4rmepumpenf\u00f6rderung ist weiterhin nur au\u00dferhalb der Fernw\u00e4rmeversorgungs- und ausbaugebiete m\u00f6glich. Neu eingef\u00fchrt wurden ein Finanzierungsbonus in H\u00f6he von 500 Euro bei Kreditaufnahme sowie ein Fernw\u00e4rme-Ausbaubonus in H\u00f6he von 2.975 Euro f\u00fcr Neuanschl\u00fcsse in Fernw\u00e4rme-Ausbaugebieten (Preiszone B). Weitere Boni stehen noch Mehrfamilienh\u00e4usern und Wohnungseigentumsgemeinschaften (WEG) zur Verf\u00fcgung.<\/p>\n<p>Energetische Sanierung: Die beste Energie ist die, die gar nicht verbraucht wird<br \/>Auch in diesem Jahr werden Einzelma\u00dfnahmen zur energetischen Ert\u00fcchtigung der Geb\u00e4udeh\u00fclle gef\u00f6rdert. Wer in die D\u00e4mmung des Daches, der Fassade oder in neue Fenster investiert, senkt seinen Energieverbrauch und macht sich unabh\u00e4ngiger von Preisentwicklungen. Auch hier bleibt die Kombination mit der BEG verpflichtend.<\/p>\n<p>Haushalte mit geringem oder mittlerem Einkommen erhalten eine erh\u00f6hte F\u00f6rderung (+5%). Zus\u00e4tzlich wird ein Finanzierungsbonus von 1.000 Euro gew\u00e4hrt, sofern zur Umsetzung der Ma\u00dfnahme ein Kredit aufgenommen wird. F\u00fcr Ein- und Zweifamilienh\u00e4user liegt die F\u00f6rderung bei maximal 7.500 Euro (bzw. 10.000 Euro inklusive Boni), f\u00fcr Mehrfamilienh\u00e4user ab drei Wohneinheiten bei 15.000 Euro.<\/p>\n<p>Geb\u00e4udebegr\u00fcnung: Ein wertvoller Beitrag zur Aufenthaltsqualit\u00e4t und zum Stadtklima<br \/>Das F\u00f6rderprogramm zur Begr\u00fcnung von Dach-, Fassaden- und Entsiegelungsfl\u00e4chen wird ohne \u00c4nderung fortgesetzt. Die maximalen F\u00f6rdersummen liegen bei 16.000 Euro f\u00fcr Dachbegr\u00fcnungen, 25.000 Euro f\u00fcr Fassadenbegr\u00fcnungen und 11.000 Euro f\u00fcr die Entsiegelung von Fl\u00e4chen mit anschlie\u00dfender Begr\u00fcnung.<\/p>\n<p>Antragstellung und Beratung<br \/>Die Klimaschutzagentur Mannheim verwaltet weiterhin die Programme und steht den B\u00fcrgern beratend zur Seite. Bevor man startet, sollte man sich von den Energieberatern zu den passenden F\u00f6rdermitteln von Stadt, Land und Bund informieren lassen.<\/p>\n<p>Alle Richtlinien und Informationen zum Antragsverfahren findet man unter:<br \/>www.klima-ma.de\/foerderprogramme<\/p>\n<p>Quelle: Stadt Heidelberg<\/p>\n<p class=\"post-modified-info\">Zuletzt aktualisiert am 11. M\u00e4rz 2026, 22:17<\/p>\n","protected":false},"excerpt":{"rendered":"Mannheim \/ Metropolregion Rhein-Neckar(red\/ak) \u2013 Gute Nachrichten f\u00fcr alle, die ihr Zuhause fit f\u00fcr die Zukunft machen wollen:&hellip;\n","protected":false},"author":2,"featured_media":861676,"comment_status":"","ping_status":"","sticky":false,"template":"","format":"standard","meta":{"footnotes":"","_share_on_mastodon":"0"},"categories":[1845],"tags":[5873,1634,15252,4488,3364,29,1149,548,663,3934,20372,13170,15091,37215,21646,6586,26064,30,13,2476,259,1563,2096,56933,25488,25489,14,14480,15,22861,5206,28951,4108,12,3041,64611,1106,16919,1889,32715],"class_list":["post-861675","post","type-post","status-publish","format-standard","has-post-thumbnail","category-mannheim","tag-photovoltaikanlagen","tag-baden-wuerttemberg","tag-beratung","tag-bund","tag-de","tag-deutschland","tag-energie","tag-eu","tag-europa","tag-europe","tag-fenster","tag-fernwaerme","tag-fokus","tag-foerdermittel","tag-foerderprogramm","tag-forderung","tag-gemeinderat","tag-germany","tag-headlines","tag-heidelberg","tag-informationen","tag-klima","tag-mannheim","tag-mehrfamilienhaeuser","tag-metropolregion","tag-metropolregion-rhein-neckar","tag-nachrichten","tag-neckar","tag-news","tag-prozent","tag-rhein","tag-rhein-neckar","tag-sanierung","tag-schlagzeilen","tag-stadt","tag-stadt-mannheim","tag-umsetzung","tag-wohneinheiten","tag-zukunft","tag-zuschuss"],"share_on_mastodon":{"url":"","error":"Validation failed: Text character limit of 500 exceeded"},"_links":{"self":[{"href":"https:\/\/www.europesays.com\/de\/wp-json\/wp\/v2\/posts\/861675","targetHints":{"allow":["GET"]}}],"collection":[{"href":"https:\/\/www.europesays.com\/de\/wp-json\/wp\/v2\/posts"}],"about":[{"href":"https:\/\/www.europesays.com\/de\/wp-json\/wp\/v2\/types\/post"}],"author":[{"embeddable":true,"href":"https:\/\/www.europesays.com\/de\/wp-json\/wp\/v2\/users\/2"}],"replies":[{"embeddable":true,"href":"https:\/\/www.europesays.com\/de\/wp-json\/wp\/v2\/comments?post=861675"}],"version-history":[{"count":0,"href":"https:\/\/www.europesays.com\/de\/wp-json\/wp\/v2\/posts\/861675\/revisions"}],"wp:featuredmedia":[{"embeddable":true,"href":"https:\/\/www.europesays.com\/de\/wp-json\/wp\/v2\/media\/861676"}],"wp:attachment":[{"href":"https:\/\/www.europesays.com\/de\/wp-json\/wp\/v2\/media?parent=861675"}],"wp:term":[{"taxonomy":"category","embeddable":true,"href":"https:\/\/www.europesays.com\/de\/wp-json\/wp\/v2\/categories?post=861675"},{"taxonomy":"post_tag","embeddable":true,"href":"https:\/\/www.europesays.com\/de\/wp-json\/wp\/v2\/tags?post=861675"}],"curies":[{"name":"wp","href":"https:\/\/api.w.org\/{rel}","templated":true}]}}