{"id":861679,"date":"2026-03-12T02:35:19","date_gmt":"2026-03-12T02:35:19","guid":{"rendered":"https:\/\/www.europesays.com\/de\/861679\/"},"modified":"2026-03-12T02:35:19","modified_gmt":"2026-03-12T02:35:19","slug":"fahrrad-flohmarkt-bietet-ersatzteile-und-bastlermodelle-in-karlsruhe","status":"publish","type":"post","link":"https:\/\/www.europesays.com\/de\/861679\/","title":{"rendered":"Fahrrad-Flohmarkt bietet Ersatzteile und Bastlermodelle in Karlsruhe"},"content":{"rendered":"<p class=\"mb-6 text-xs md:text-m lg:text-l font-serif group-[.font-sans]:font-sans \">\n    Die Fahrradwerkstatt der Arbeitsf\u00f6rderung <a href=\"https:\/\/www.ka-news.de\/karlsruhe\" target=\"_self\" class=\"underline \" rel=\"nofollow noopener\">Karlsruhe<\/a> (afka) organisiert am 28. M\u00e4rz einen <strong class=\"font-bold\">Fahrrad-Flohmarkt in der Karlsruher Nordweststadt.<\/strong> Bastler und Sammler k\u00f6nnen dort gebrauchte Ersatzteile f\u00fcr Fahrr\u00e4der aller Art erwerben. Auch Bastlermodelle werden zu g\u00fcnstigen Preisen angeboten.\n  <\/p>\n<p class=\"mb-6 text-xs md:text-m lg:text-l font-serif group-[.font-sans]:font-sans \">\n    Vor Ort ist au\u00dferdem <strong class=\"font-bold\">Fachpersonal der afka<\/strong>, das Schn\u00e4ppchenj\u00e4ger bei der Auswahl passender Ersatzteile und Fahrr\u00e4der ber\u00e4t.\n  <\/p>\n<p>            Was muss ich wissen?<\/p>\n<ul rel=\"\" class=\"[&amp;&gt;li]:relative list-none  [&amp;&gt;li]:pl-[1.2em] [&amp;&gt;li]:marker:text-[0] [&amp;&gt;li]:relative [&amp;&gt;li]:before:absolute [&amp;&gt;li]:before:w-3 [&amp;&gt;li]:before:h-3 [&amp;&gt;li]:before:bg-brand [&amp;&gt;li]:before:left-0 [&amp;&gt;li]:before:top-[8px] [&amp;&gt;li]:before:rounded-full  my-5\">\n<li class=\" mb-3 text-xs md:text-m lg:text-l\">Wann? Samstag, 28. M\u00e4rz 2026, 10\u201314 Uhr<\/li>\n<li class=\" mb-3 text-xs md:text-m lg:text-l\">Wo? afka-Fahrradwerkstatt: Daimlerstra\u00dfe 8, 76185 Karlsruhe<\/li>\n<li class=\" mb-3 text-xs md:text-m lg:text-l\">Bezahlung? nur Bargeld \u2013 keine Kartenzahlung m\u00f6glich<\/li>\n<\/ul>\n<ul data-module-id=\"DragDropModule\" class=\"flex flex-wrap justify-start group-[.no-bookmarks]:hidden\">\n<li class=\"mb-3 mr-3\">\n    Gerrit Lieb<\/p>\n<p>      Icon Haken im Kreis gesetzt<\/p>\n<p>      Icon Plus im Kreis<\/p>\n<\/li>\n<li class=\"mb-3 mr-3\">\n    Fahrrad<\/p>\n<p>      Icon Haken im Kreis gesetzt<\/p>\n<p>      Icon Plus im Kreis<\/p>\n<\/li>\n<li class=\"mb-3 mr-3\">\n    Ersatzteil<\/p>\n<p>      Icon Haken im Kreis gesetzt<\/p>\n<p>      Icon Plus im Kreis<\/p>\n<\/li>\n<\/ul>\n","protected":false},"excerpt":{"rendered":"Die Fahrradwerkstatt der Arbeitsf\u00f6rderung Karlsruhe (afka) organisiert am 28. M\u00e4rz einen Fahrrad-Flohmarkt in der Karlsruher Nordweststadt. Bastler und&hellip;\n","protected":false},"author":2,"featured_media":861680,"comment_status":"","ping_status":"","sticky":false,"template":"","format":"standard","meta":{"footnotes":"","_share_on_mastodon":"0"},"categories":[1844],"tags":[190999,1634,190998,3364,29,33684,1234,191000,102085,30,8903,191001,152985],"class_list":["post-861679","post","type-post","status-publish","format-standard","has-post-thumbnail","category-karlsruhe","tag-arbeitsfoerderung","tag-baden-wuerttemberg","tag-bastlermodell","tag-de","tag-deutschland","tag-ersatzteil","tag-fahrrad","tag-fahrradwerkstadt","tag-fahrradwerkstatt","tag-germany","tag-karlsruhe","tag-lagerbestand","tag-nordweststadt"],"share_on_mastodon":{"url":"https:\/\/pubeurope.com\/@de\/116213876444621824","error":""},"_links":{"self":[{"href":"https:\/\/www.europesays.com\/de\/wp-json\/wp\/v2\/posts\/861679","targetHints":{"allow":["GET"]}}],"collection":[{"href":"https:\/\/www.europesays.com\/de\/wp-json\/wp\/v2\/posts"}],"about":[{"href":"https:\/\/www.europesays.com\/de\/wp-json\/wp\/v2\/types\/post"}],"author":[{"embeddable":true,"href":"https:\/\/www.europesays.com\/de\/wp-json\/wp\/v2\/users\/2"}],"replies":[{"embeddable":true,"href":"https:\/\/www.europesays.com\/de\/wp-json\/wp\/v2\/comments?post=861679"}],"version-history":[{"count":0,"href":"https:\/\/www.europesays.com\/de\/wp-json\/wp\/v2\/posts\/861679\/revisions"}],"wp:featuredmedia":[{"embeddable":true,"href":"https:\/\/www.europesays.com\/de\/wp-json\/wp\/v2\/media\/861680"}],"wp:attachment":[{"href":"https:\/\/www.europesays.com\/de\/wp-json\/wp\/v2\/media?parent=861679"}],"wp:term":[{"taxonomy":"category","embeddable":true,"href":"https:\/\/www.europesays.com\/de\/wp-json\/wp\/v2\/categories?post=861679"},{"taxonomy":"post_tag","embeddable":true,"href":"https:\/\/www.europesays.com\/de\/wp-json\/wp\/v2\/tags?post=861679"}],"curies":[{"name":"wp","href":"https:\/\/api.w.org\/{rel}","templated":true}]}}