{"id":861754,"date":"2026-03-12T03:19:22","date_gmt":"2026-03-12T03:19:22","guid":{"rendered":"https:\/\/www.europesays.com\/de\/861754\/"},"modified":"2026-03-12T03:19:22","modified_gmt":"2026-03-12T03:19:22","slug":"koeln-profi-florian-kainz-verkuendet-karriereende-im-sommer","status":"publish","type":"post","link":"https:\/\/www.europesays.com\/de\/861754\/","title":{"rendered":"K\u00f6ln-Profi Florian Kainz verk\u00fcndet Karriereende im Sommer"},"content":{"rendered":"<p>&#8222;Werde dem Fu\u00dfball Servus sagen&#8220; <\/p>\n<p>Bundesliga-Profi verk\u00fcndet Karriereende<\/p>\n<p>11.03.2026 &#8211; 21:02 UhrLesedauer: 1 Min.<\/p>\n<p><a href=\"#focus-0\" class=\"transition-colors duration-200 block text-current relative\" data-sctrack=\"FocusGalleryImage.Reference\"><img fetchpriority=\"high\" data-testid=\"Opener.Image\" style=\"--lqipURL:url('https:\/\/images.t-online.de\/2026\/03\/fnMG4x-4ggYi\/658x116:1140x641\/fit-in\/150x0\/filters:blur(25)\/im-sommer-ist-schluss-koelns-kainz-r-beendet-seine-fussball-karriere-archivbild.jpg')\"   loading=\"eager\" src=\"https:\/\/www.europesays.com\/de\/wp-content\/uploads\/2026\/03\/im-sommer-ist-schluss-koelns-kainz-r-beendet-seine-fussball-karriere-archivbild.jpg\" alt=\"Florian Kainz (r)\" title=\"Florian Kainz (r)\" width=\"1140\" height=\"641\" class=\"bg-[url:var(--lqipURL)] bg-cover bg-center flex h-full w-full max-w-full\" decoding=\"async\"\/><img style=\"--width:32;--height:32\" loading=\"lazy\" src=\"https:\/\/www.t-online.de\/s\/paper\/_next\/static\/media\/zoom-in.f7dae02f.svg\" alt=\"Vergr\u00f6\u00dfern des Bildes\" title=\"Vergr\u00f6\u00dfern des Bildes\" class=\"block h-[calc(var(--height)_\/_16_*_1rem)] w-[calc(var(--width)_\/_16_*_1rem)] max-w-none absolute bottom-8 right-8 rounded-4 bg-snow p-8\" decoding=\"async\"\/><\/a><\/p>\n<p>Im Sommer ist Schluss: K\u00f6lns Kainz (r) beendet seine Fu\u00dfballkarriere. (Archivbild) (Quelle: Harry Langer\/dpa\/dpa-bilder)<\/p>\n<p class=\"font-bold text-18 leading-17 user-text-lg:text-22 user-text-xl:text-24\">Florian Kainz verabschiedet sich nach \u00fcber 200 Spielen f\u00fcr den 1. FC K\u00f6ln aus dem Profifu\u00dfball. Bis zum Sommer verfolgt er noch ein Ziel.<\/p>\n<p class=\"text-18 leading-17 user-text-lg:text-22 user-text-xl:text-24\">Bundesliga-Profi Florian Kainz hat sein Karriereende verk\u00fcndet. Der 33-j\u00e4hrige \u00d6sterreicher vom <a class=\"transition-colors duration-200 cursor-pointer text-inherit no-underline text-salemsfur md:hover:text-magenta md:hover:border-magenta md:focus:text-magenta border-current border-b border-solid break-words\" data-tracking=\"{&quot;action&quot;:&quot;click&quot;,&quot;category&quot;:&quot;intextLink&quot;,&quot;label&quot;:&quot;\/themen\/1-fc-koeln\/&quot;}\" href=\"https:\/\/www.t-online.de\/themen\/1-fc-koeln\/\" data-sctrack=\"BodyAnchor\" rel=\"nofollow noopener\" target=\"_blank\">1. FC K\u00f6ln<\/a> sagte in einer Videobotschaft bei Instagram: &#8222;Irgendwann geht jede Reise mal zu Ende. Im Sommer werde ich dem Fu\u00dfball Servus sagen.&#8220; Kainz war 2019 vom Ligarivalen <a class=\"transition-colors duration-200 cursor-pointer text-inherit no-underline text-salemsfur md:hover:text-magenta md:hover:border-magenta md:focus:text-magenta border-current border-b border-solid break-words\" data-tracking=\"{&quot;action&quot;:&quot;click&quot;,&quot;category&quot;:&quot;intextLink&quot;,&quot;label&quot;:&quot;\/themen\/sv-werder-bremen\/&quot;}\" href=\"https:\/\/www.t-online.de\/themen\/sv-werder-bremen\/\" data-sctrack=\"BodyAnchor\" rel=\"nofollow noopener\" target=\"_blank\">Werder Bremen<\/a> zum aktuell abstiegsbedrohten Bundesligisten gewechselt.<\/p>\n<p class=\"text-18 leading-17 user-text-lg:text-22 user-text-xl:text-24\">Weiter erkl\u00e4rte er: &#8222;Wo die eine Reise zu Ende geht, beginnt aber meistens eine neue: Ich freue mich, bald mehr Zeit mit der Familie und Freunden zu haben.&#8220; Er werde &#8222;alles daf\u00fcr tun, damit wir unsere Ziele mit diesem gro\u00dfartigen Klub erreichen&#8220;. Und: &#8222;Lieber Fu\u00dfball, vielen Dank f\u00fcr alles.&#8220;<\/p>\n<p class=\"text-18 leading-17 user-text-lg:text-22 user-text-xl:text-24\">Unter FC-Trainer <a class=\"transition-colors duration-200 cursor-pointer text-inherit no-underline text-salemsfur md:hover:text-magenta md:hover:border-magenta md:focus:text-magenta border-current border-b border-solid break-words\" data-tracking=\"{&quot;action&quot;:&quot;click&quot;,&quot;category&quot;:&quot;intextLink&quot;,&quot;label&quot;:&quot;\/themen\/lukas-kwasniok\/&quot;}\" href=\"https:\/\/www.t-online.de\/themen\/lukas-kwasniok\/\" data-sctrack=\"BodyAnchor\" rel=\"nofollow noopener\" target=\"_blank\">Lukas Kwasniok<\/a> kommt der fr\u00fchere Schl\u00fcsselspieler in dieser Saison kaum zum Zug. Elf Eins\u00e4tze stehen bisher zu Buche, keiner davon \u00fcber die volle Spielzeit. Insgesamt stand er f\u00fcr die K\u00f6lner in 202 Pflichtspielen auf dem Platz, sein Profideb\u00fct hatte Kainz als 17-J\u00e4hriger in seiner \u00f6sterreichischen Heimat bei <a class=\"transition-colors duration-200 cursor-pointer text-inherit no-underline text-salemsfur md:hover:text-magenta md:hover:border-magenta md:focus:text-magenta border-current border-b border-solid break-words\" data-tracking=\"{&quot;action&quot;:&quot;click&quot;,&quot;category&quot;:&quot;intextLink&quot;,&quot;label&quot;:&quot;\/themen\/sturm-graz\/&quot;}\" href=\"https:\/\/www.t-online.de\/themen\/sturm-graz\/\" data-sctrack=\"BodyAnchor\" rel=\"nofollow noopener\" target=\"_blank\">Sturm Graz<\/a> gegeben. Nach einer weiteren Station bei <a class=\"transition-colors duration-200 cursor-pointer text-inherit no-underline text-salemsfur md:hover:text-magenta md:hover:border-magenta md:focus:text-magenta border-current border-b border-solid break-words\" data-tracking=\"{&quot;action&quot;:&quot;click&quot;,&quot;category&quot;:&quot;intextLink&quot;,&quot;label&quot;:&quot;\/themen\/rapid-wien\/&quot;}\" href=\"https:\/\/www.t-online.de\/themen\/rapid-wien\/\" data-sctrack=\"BodyAnchor\" rel=\"nofollow noopener\" target=\"_blank\">Rapid Wien<\/a> wechselte er 2016 schlie\u00dflich in die deutsche <a class=\"transition-colors duration-200 cursor-pointer text-inherit no-underline text-salemsfur md:hover:text-magenta md:hover:border-magenta md:focus:text-magenta border-current border-b border-solid break-words\" data-tracking=\"{&quot;action&quot;:&quot;click&quot;,&quot;category&quot;:&quot;intextLink&quot;,&quot;label&quot;:&quot;\/sport\/fussball\/bundesliga\/&quot;}\" href=\"https:\/\/www.t-online.de\/sport\/fussball\/bundesliga\/\" data-sctrack=\"BodyAnchor\" rel=\"nofollow noopener\" target=\"_blank\">Bundesliga<\/a>.<\/p>\n","protected":false},"excerpt":{"rendered":"&#8222;Werde dem Fu\u00dfball Servus sagen&#8220; Bundesliga-Profi verk\u00fcndet Karriereende 11.03.2026 &#8211; 21:02 UhrLesedauer: 1 Min. Im Sommer ist Schluss:&hellip;\n","protected":false},"author":2,"featured_media":861755,"comment_status":"","ping_status":"","sticky":false,"template":"","format":"standard","meta":{"footnotes":"","_share_on_mastodon":"0"},"categories":[1828],"tags":[623,722,17161,29,29371,347,135094,30,152,3198,1420,1209,23873,2365],"class_list":["post-861754","post","type-post","status-publish","format-standard","has-post-thumbnail","category-koeln","tag-1-fc-koeln","tag-722","tag-17161","tag-deutschland","tag-florian-kainz","tag-fussball","tag-fussballkarriere","tag-germany","tag-instagram","tag-karriereende","tag-koeln","tag-nordrhein-westfalen","tag-profifussball","tag-sv-werder-bremen"],"share_on_mastodon":{"url":"https:\/\/pubeurope.com\/@de\/116214049624298488","error":""},"_links":{"self":[{"href":"https:\/\/www.europesays.com\/de\/wp-json\/wp\/v2\/posts\/861754","targetHints":{"allow":["GET"]}}],"collection":[{"href":"https:\/\/www.europesays.com\/de\/wp-json\/wp\/v2\/posts"}],"about":[{"href":"https:\/\/www.europesays.com\/de\/wp-json\/wp\/v2\/types\/post"}],"author":[{"embeddable":true,"href":"https:\/\/www.europesays.com\/de\/wp-json\/wp\/v2\/users\/2"}],"replies":[{"embeddable":true,"href":"https:\/\/www.europesays.com\/de\/wp-json\/wp\/v2\/comments?post=861754"}],"version-history":[{"count":0,"href":"https:\/\/www.europesays.com\/de\/wp-json\/wp\/v2\/posts\/861754\/revisions"}],"wp:featuredmedia":[{"embeddable":true,"href":"https:\/\/www.europesays.com\/de\/wp-json\/wp\/v2\/media\/861755"}],"wp:attachment":[{"href":"https:\/\/www.europesays.com\/de\/wp-json\/wp\/v2\/media?parent=861754"}],"wp:term":[{"taxonomy":"category","embeddable":true,"href":"https:\/\/www.europesays.com\/de\/wp-json\/wp\/v2\/categories?post=861754"},{"taxonomy":"post_tag","embeddable":true,"href":"https:\/\/www.europesays.com\/de\/wp-json\/wp\/v2\/tags?post=861754"}],"curies":[{"name":"wp","href":"https:\/\/api.w.org\/{rel}","templated":true}]}}