{"id":861866,"date":"2026-03-12T04:24:16","date_gmt":"2026-03-12T04:24:16","guid":{"rendered":"https:\/\/www.europesays.com\/de\/861866\/"},"modified":"2026-03-12T04:24:16","modified_gmt":"2026-03-12T04:24:16","slug":"zwei-kleintransporter-an-der-reitbahnstrasse-ausgebrannt","status":"publish","type":"post","link":"https:\/\/www.europesays.com\/de\/861866\/","title":{"rendered":"Zwei Kleintransporter an der Reitbahnstra\u00dfe ausgebrannt"},"content":{"rendered":"<p>In der Dresdner Altstadt sind in der Nacht zum Donnerstag zwei Kleintransporter ausgebrannt. Kurz nach Mitternacht war die Feuerwehr zu einem Parkplatz an der Reitbahnstra\u00dfe gerufen worden. Dort standen ein Mercedes-Sprinter und ein Ford Transit in Flammen. Die Feuerwehr konnte die Br\u00e4nde zwar l\u00f6schen, an den Fahrzeugen entstand jedoch Totalschaden.\u00a0<\/p>\n<p>Der Ford hatte au\u00dferdem Haushaltsger\u00e4te geladen, die ebenfalls zerst\u00f6rt wurden. Die Einsatzkr\u00e4fte mussten au\u00dferdem eine gr\u00f6\u00dfere Menge \u00d6l beseitigen, die aus einem der Transporter ausgelaufen war. Zur Brandursache ermittelt jetzt die Kripo.<\/p>\n","protected":false},"excerpt":{"rendered":"In der Dresdner Altstadt sind in der Nacht zum Donnerstag zwei Kleintransporter ausgebrannt. Kurz nach Mitternacht war die&hellip;\n","protected":false},"author":2,"featured_media":861867,"comment_status":"","ping_status":"","sticky":false,"template":"","format":"standard","meta":{"footnotes":"","_share_on_mastodon":"0"},"categories":[1835],"tags":[3364,29,2386,30,859],"class_list":["post-861866","post","type-post","status-publish","format-standard","has-post-thumbnail","category-dresden","tag-de","tag-deutschland","tag-dresden","tag-germany","tag-sachsen"],"share_on_mastodon":{"url":"https:\/\/pubeurope.com\/@de\/116214305095018317","error":""},"_links":{"self":[{"href":"https:\/\/www.europesays.com\/de\/wp-json\/wp\/v2\/posts\/861866","targetHints":{"allow":["GET"]}}],"collection":[{"href":"https:\/\/www.europesays.com\/de\/wp-json\/wp\/v2\/posts"}],"about":[{"href":"https:\/\/www.europesays.com\/de\/wp-json\/wp\/v2\/types\/post"}],"author":[{"embeddable":true,"href":"https:\/\/www.europesays.com\/de\/wp-json\/wp\/v2\/users\/2"}],"replies":[{"embeddable":true,"href":"https:\/\/www.europesays.com\/de\/wp-json\/wp\/v2\/comments?post=861866"}],"version-history":[{"count":0,"href":"https:\/\/www.europesays.com\/de\/wp-json\/wp\/v2\/posts\/861866\/revisions"}],"wp:featuredmedia":[{"embeddable":true,"href":"https:\/\/www.europesays.com\/de\/wp-json\/wp\/v2\/media\/861867"}],"wp:attachment":[{"href":"https:\/\/www.europesays.com\/de\/wp-json\/wp\/v2\/media?parent=861866"}],"wp:term":[{"taxonomy":"category","embeddable":true,"href":"https:\/\/www.europesays.com\/de\/wp-json\/wp\/v2\/categories?post=861866"},{"taxonomy":"post_tag","embeddable":true,"href":"https:\/\/www.europesays.com\/de\/wp-json\/wp\/v2\/tags?post=861866"}],"curies":[{"name":"wp","href":"https:\/\/api.w.org\/{rel}","templated":true}]}}