{"id":861868,"date":"2026-03-12T04:25:21","date_gmt":"2026-03-12T04:25:21","guid":{"rendered":"https:\/\/www.europesays.com\/de\/861868\/"},"modified":"2026-03-12T04:25:21","modified_gmt":"2026-03-12T04:25:21","slug":"so-lief-die-bombenentschaerfung-maennerwerkstatt-will-senioren-aus-isolation-holen-tuberkulosefaelle-an-zwei-schulen","status":"publish","type":"post","link":"https:\/\/www.europesays.com\/de\/861868\/","title":{"rendered":"So lief die Bombenentsch\u00e4rfung + M\u00e4nnerwerkstatt will Senioren aus Isolation holen + Tuberkulosef\u00e4lle an zwei Schulen"},"content":{"rendered":"<p>5in5 Dresden<\/p>\n<p>So lief die Bombenentsch\u00e4rfung + M\u00e4nnerwerkstatt will Senioren aus Isolation holen + Tuberkulosef\u00e4lle an zwei Schulen<\/p>\n<p><img decoding=\"async\" alt=\"\" fetchpriority=\"high\"  src=\"https:\/\/www.europesays.com\/de\/wp-content\/uploads\/2026\/03\/1773289518_913_ZCPDR23WMJAKLCINI5E6SZKPRY.png\" \/>Guten Morgen!<\/p>\n<p class=\"Textstyled__Text-sc-1cqv9mi-0 dKgfuR\">Die Fliegerbombe aus dem Zweiten Weltkrieg an der Carolabr\u00fccke ist entsch\u00e4rft worden. Zwei Stunden dauerte der heikle Eingriff, bei dem ein Wasserstrahlschneider den defekten Z\u00fcnder unsch\u00e4dlich machte. Am Nachmittag kam die Entwarnung \u2013 und rund 18.000 Menschen durften wieder in ihre Wohnungen.<\/p>\n<p>Weiterlesen nach der Anzeige<\/p>\n<p>Weiterlesen nach der Anzeige<\/p>\n<p class=\"Textstyled__Text-sc-1cqv9mi-0 dKgfuR\">Weitere gute Nachrichten gibt es auch in L\u00f6btau: In der AWO-Begegnungsst\u00e4tte wurde die neue M\u00e4nnerwerkstatt eingeweiht \u2013 ein Ort, an dem Senioren gemeinsam s\u00e4gen, h\u00e4mmern und reden k\u00f6nnen. Zwischen Holzsp\u00e4nen und Kaffeetassen entsteht hier, was vielen fehlt: Gemeinschaft. <\/p>\n<p class=\"Textstyled__Text-sc-1cqv9mi-0 dKgfuR\">Mit diesen f\u00fcnf Themen sind Sie bestens informiert f\u00fcr Ihren Donnerstag in Dresden.<\/p>\n<p>Weiterlesen nach der Anzeige<\/p>\n<p>Weiterlesen nach der Anzeige<\/p>\n<p><img loading=\"lazy\" decoding=\"async\" width=\"35\" height=\"35\" src=\"https:\/\/www.europesays.com\/de\/wp-content\/uploads\/2026\/01\/1-kiwi.png\" alt=\"icon\"\/>Der Tag der Entsch\u00e4rfung<\/p>\n<p>Das ist passiert: Am Mittwoch ist am Dresdner Elbufer ein Blindg\u00e4nger aus dem Zweiten Weltkrieg entsch\u00e4rft worden.<\/p>\n<p>Darum ist es wichtig: Rund 18.000 Menschen mussten ihre Wohnungen verlassen. Auch zwei Pflegeheime waren betroffen.<\/p>\n<p>So ging es aus: Die Entsch\u00e4rfung dauerte diesmal au\u00dfergew\u00f6hnlich lange\u00a0\u2013 zweieinhalb Stunden. Probleme bereitete der stark besch\u00e4digte Z\u00fcnder. Daher musste der Sprengmeister mit einem Wasserschneider arbeiten, um den Z\u00fcnder von der Bombe zu entfernen.<\/p>\n<p><img loading=\"lazy\" decoding=\"async\" width=\"35\" height=\"35\" src=\"https:\/\/www.europesays.com\/de\/wp-content\/uploads\/2026\/01\/2-kiwi.png\" alt=\"icon\"\/>Kriminalit\u00e4tsschwerpunkte in Dresden: So viele Ermittlungsverfahren sind 2025 eingeleitet worden <\/p>\n<p>Das ist passiert: Die Dresdner Polizei hat zusammen mit Beamten der Bereitschaftspolizei im vergangenen Jahr 78 Gro\u00dfkontrollen im Stadtgebiet durchgef\u00fchrt. <\/p>\n<p>Darum ist es wichtig: Durch die Pr\u00e4senz im Stadtgebiet soll die Sicherheit erh\u00f6ht werden. Die Beamten sind besonders an Kriminalit\u00e4tsschwerpunkten im Einsatz. Dazu z\u00e4hlen weiterhin der Wiener Platz, der erweiterte Scheune-Vorplatz, der Albertplatz sowie der Amalie-Dietrich-Platz. <\/p>\n<p>So geht es weiter: Die Beamten haben insgesamt 257 Ermittlungsverfahren eingeleitet. Am h\u00e4ufigsten ging es dabei um Drogen, aber auch um Diebstahl, K\u00f6rperverletzung und Verst\u00f6\u00dfe gegen das Aufenthaltsgesetz.<\/p>\n<p><img loading=\"lazy\" decoding=\"async\" width=\"35\" height=\"35\" src=\"https:\/\/www.europesays.com\/de\/wp-content\/uploads\/2026\/01\/3-kiwi.png\" alt=\"icon\"\/>Tuberkulosef\u00e4lle an zwei Dresdner Schulen<\/p>\n<p>Das ist passiert: Das Amt f\u00fcr Gesundheit und Pr\u00e4vention untersucht derzeit zwei Schulen in Dresden, nachdem bei zwei Personen eine ansteckende Form der Tuberkulose festgestellt wurde.<\/p>\n<p>Darum ist es wichtig: Tuberkulose ist in Deutschland selten und nicht hochansteckend. Sie wird durch Bakterien verursacht und betrifft h\u00e4ufig die Lunge.<\/p>\n<p>So geht es weiter: Nach Angaben der Gesundheitsbeh\u00f6rde arbeiten die Schulen und das Amt eng zusammen, damit die Untersuchungen der Kontaktpersonen m\u00f6glichst schnell erfolgen k\u00f6nnen.<\/p>\n<p><img loading=\"lazy\" decoding=\"async\" width=\"35\" height=\"35\" src=\"https:\/\/www.europesays.com\/de\/wp-content\/uploads\/2026\/01\/4-kiwi.png\" alt=\"icon\"\/>OP-Assistent in Dresden soll zwei Frauen gew\u00fcrgt und geschlagen haben \u2013 das Urteil f\u00e4llt milde aus<\/p>\n<p>Das ist passiert: Ein Mann hat \u00fcber Jahre seine Partnerinnen nicht nur beim Sex schwer misshandelt. Die 18 Gewalttaten, vier Anklagen aus Dresden und Gera, landeten nun bei einer Strafrichterin.<\/p>\n<p>Darum ist es wichtig: Erst in der Hauptverhandlung wurde bekannt, dass gegen Alexander M. unter anderem auch wegen zweifacher Vergewaltigung, gef\u00e4hrlicher K\u00f6rperverletzung und N\u00f6tigung ermittelt wird und er mit einem zweiten Prozess am Landgericht Dresden rechnen muss. In der Justiz blickt offenbar niemand mehr durch.<\/p>\n<p>So geht es weiter: Weil das Urteil nicht rechtskr\u00e4ftig werden d\u00fcrfte, wird sich eine Berufungskammer am Landgericht damit befassen m\u00fcssen.<\/p>\n<p><img loading=\"lazy\" decoding=\"async\" width=\"35\" height=\"35\" src=\"https:\/\/www.europesays.com\/de\/wp-content\/uploads\/2026\/01\/5-kiwi.png\" alt=\"icon\"\/>Feilen und Fachsimpeln: Neue M\u00e4nnerwerkstatt in Dresden will m\u00e4nnliche Senioren aus der Isolation holen<\/p>\n<p>Das ist passiert: Mit einer neuen Idee m\u00f6chte die Begegnungsst\u00e4tte der AWO in Dresden-L\u00f6btau gezielt m\u00e4nnliche Senioren ansprechen und im Idealfall aus ihrer Einsamkeit in die Gemeinschaft holen. In dieser Woche wurde im Keller einer M\u00e4nnerwerkstatt eingeweiht, in der k\u00fcnftig flei\u00dfig gewerkelt und gefachsimpelt werden soll.<\/p>\n<p>Darum ist es wichtig: M\u00e4nner sind im Vergleich zu Frauen oft zur\u00fcckhaltender, wenn es darum geht, aktiv aus ihrer Einsamkeit herauszutreten und Anschluss zu finden. Mit Strickkursen und Kaffeeklatsch k\u00f6nne man sie kaum gewinnen. Mit H\u00e4mmern und Bohren schon eher.<\/p>\n<p>So geht es weiter: Beim Werkeln Schulter an Schulter entstehen ganz von allein neue soziale Kontakte. Ge\u00f6ffnet ist die neue Werkstatt vorerst jeden zweiten und vierten Dienstag im Monat.<\/p>\n<p>Weiterlesen nach der Anzeige<\/p>\n<p>Weiterlesen nach der Anzeige<\/p>\n<p class=\"Textstyled__Text-sc-1cqv9mi-0 dKgfuR\">Damit verabschiede ich mich f\u00fcr heute.<\/p>\n<p>Bis bald, Olivia Daume<\/p>\n<p class=\"Textstyled__Text-sc-1cqv9mi-0 dKgfuR\"><b>PS: Wenn Sie noch Zeit haben&#8230;<\/b><\/p>\n<p class=\"Textstyled__Text-sc-1cqv9mi-0 dKgfuR\"> \u2026 dann lege ich Ihnen meine heutigen Leseempfehlungen ans Herz:<\/p>\n<p class=\"Textstyled__Text-sc-1cqv9mi-0 dKgfuR\"><a href=\"https:\/\/www.saechsische.de\/lokales\/leipzig-lk\/feuerwehrmann-bei-einsatzfahrt-geblitzt-stadt-taucha-verhaengt-bussgeld-und-fahrverbot-AA7O6QO4BBCRTNNR2L5PPEC7LM.html\" target=\"_self\" rel=\"nofollow noopener\" title=\"https:\/\/www.saechsische.de\/lokales\/leipzig-lk\/feuerwehrmann-bei-einsatzfahrt-geblitzt-stadt-taucha-verhaengt-bussgeld-und-fahrverbot-AA7O6QO4BBCRTNNR2L5PPEC7LM.html\" data-vars-event-category=\"intext_link\" data-vars-event-action=\"click\" data-vars-event-label=\"https:\/\/www.saechsische.de\/lokales\/leipzig-lk\/feuerwehrmann-bei-einsatzfahrt-geblitzt-stadt-taucha-verhaengt-bussgeld-und-fahrverbot-AA7O6QO4BBCRTNNR2L5PPEC7LM.html\">Feuerwehrmann bei Einsatzfahrt geblitzt: Stadt Taucha verh\u00e4ngt Bu\u00dfgeld und Fahrverbot<\/a><\/p>\n<p class=\"Textstyled__Text-sc-1cqv9mi-0 dKgfuR\"><a href=\"https:\/\/www.saechsische.de\/politik\/regional\/ist-ein-handyverbot-an-sachsens-schulen-auch-fuer-aeltere-schueler-richtig-ein-pro-und-contra-T2CACZMAVFET7LMTFNE4SJIULQ.html\" target=\"_self\" rel=\"nofollow noopener\" title=\"https:\/\/www.saechsische.de\/politik\/regional\/ist-ein-handyverbot-an-sachsens-schulen-auch-fuer-aeltere-schueler-richtig-ein-pro-und-contra-T2CACZMAVFET7LMTFNE4SJIULQ.html\" data-vars-event-category=\"intext_link\" data-vars-event-action=\"click\" data-vars-event-label=\"https:\/\/www.saechsische.de\/politik\/regional\/ist-ein-handyverbot-an-sachsens-schulen-auch-fuer-aeltere-schueler-richtig-ein-pro-und-contra-T2CACZMAVFET7LMTFNE4SJIULQ.html\">Ist ein Handyverbot an Sachsens Schulen auch f\u00fcr \u00e4ltere Sch\u00fcler richtig?<\/a><\/p>\n<p>Weiterlesen nach der Anzeige<\/p>\n<p>Weiterlesen nach der Anzeige<\/p>\n<p class=\"Textstyled__Text-sc-1cqv9mi-0 dKgfuR\"><a href=\"https:\/\/www.saechsische.de\/sachsen\/zahl-der-grippe-toten-in-sachsen-stark-gestiegen-impfquote-seit-2020-deutlich-gesunken-M6X3JNRFZNFABES3JCCWKFKSQ4.html\" target=\"_self\" rel=\"nofollow noopener\" title=\"https:\/\/www.saechsische.de\/sachsen\/zahl-der-grippe-toten-in-sachsen-stark-gestiegen-impfquote-seit-2020-deutlich-gesunken-M6X3JNRFZNFABES3JCCWKFKSQ4.html\" data-vars-event-category=\"intext_link\" data-vars-event-action=\"click\" data-vars-event-label=\"https:\/\/www.saechsische.de\/sachsen\/zahl-der-grippe-toten-in-sachsen-stark-gestiegen-impfquote-seit-2020-deutlich-gesunken-M6X3JNRFZNFABES3JCCWKFKSQ4.html\">Zahl der Grippe-Toten in Sachsen stark gestiegen &#8211; Impfquote seit 2020 deutlich gesunken<\/a><\/p>\n<p><img decoding=\"async\" alt=\"\" loading=\"lazy\"  src=\"https:\/\/www.europesays.com\/de\/wp-content\/uploads\/2026\/03\/1773289521_132_HJXOCQYRANGB3HKADBNKB7MGYA.png\" \/>Unser 5in5-Newsletter<\/p>\n<p class=\"CallToActionBasestyled__Text-sc-1k69918-5 iACELr\">Die 5 wichtigsten Themen exklusiv aus Ihrer Region jeden Werktag um 5 Uhr \u2013 kostenlos direkt per E-Mail.<\/p>\n<p>Abonnieren Sie auch<\/p>\n<p class=\"Textstyled__Text-sc-1cqv9mi-0 dKgfuR\">Bereits jeden Morgen um 5 Uhr wissen, wor\u00fcber Sachsen am Tag reden wird \u2013 das geht mit unserem Newsletter <a href=\" https:\/\/www.saechsische.de\/newsletter\/politik-in-sachsen\/ \" rel=\"\" title=\" https:\/\/www.saechsische.de\/newsletter\/politik-in-sachsen\/ \" data-vars-event-category=\"intext_link\" data-vars-event-action=\"click\" data-vars-event-label=\" https:\/\/www.saechsische.de\/newsletter\/politik-in-sachsen\/ \"><b>\u201ePolitik in Sachsen \u2013 Die Morgenlage\u201c<\/b><\/a>.<\/p>\n<p>Weiterlesen nach der Anzeige<\/p>\n<p>Weiterlesen nach der Anzeige<\/p>\n<p class=\"Textstyled__Text-sc-1cqv9mi-0 dKgfuR\">Mit dem Newsletter <a href=\"https:\/\/www.saechsische.de\/newsletter\/wirtschaft-in-sachsen\/\" rel=\"nofollow noopener\" title=\"https:\/\/www.saechsische.de\/newsletter\/wirtschaft-in-sachsen\/\" data-vars-event-category=\"intext_link\" data-vars-event-action=\"click\" data-vars-event-label=\"https:\/\/www.saechsische.de\/newsletter\/wirtschaft-in-sachsen\/\" target=\"_blank\"><b>\u201eWirtschaft in Sachsen\u201c<\/b><\/a> erhalten Sie zweimal pro Woche, immer montags und donnerstags, den \u00dcberblick \u00fcber alle Neuigkeiten aus und f\u00fcr Sachsens Wirtschaft.<\/p>\n<p class=\"Textstyled__Text-sc-1cqv9mi-0 dKgfuR\"><a href=\"https:\/\/www.saechsische.de\/politik-zum-mitreden\/\" target=\"_self\" rel=\"nofollow noopener\" title=\"https:\/\/www.saechsische.de\/politik-zum-mitreden\/\" data-vars-event-category=\"intext_link\" data-vars-event-action=\"click\" data-vars-event-label=\"https:\/\/www.saechsische.de\/politik-zum-mitreden\/\"><b>\u201ePolitik zum Mitreden\u201c<\/b><\/a><b>:<\/b> Die Politik erz\u00e4hlt nur die halbe Wahrheit? Wir erg\u00e4nzen die andere H\u00e4lfte! Erhalten Sie jeden Donnerstag Einblick in das Geschehen im Regierungsviertel.<\/p>\n<p class=\"Editorialstyled__Editorial-sc-1bfvh9l-0 cSmjnJ\">SZ<\/p>\n","protected":false},"excerpt":{"rendered":"5in5 Dresden So lief die Bombenentsch\u00e4rfung + M\u00e4nnerwerkstatt will Senioren aus Isolation holen + Tuberkulosef\u00e4lle an zwei Schulen&hellip;\n","protected":false},"author":2,"featured_media":232834,"comment_status":"","ping_status":"","sticky":false,"template":"","format":"standard","meta":{"footnotes":"","_share_on_mastodon":"0"},"categories":[1835],"tags":[3364,29,2386,30,859],"class_list":["post-861868","post","type-post","status-publish","format-standard","has-post-thumbnail","category-dresden","tag-de","tag-deutschland","tag-dresden","tag-germany","tag-sachsen"],"share_on_mastodon":{"url":"https:\/\/pubeurope.com\/@de\/116214309462207077","error":""},"_links":{"self":[{"href":"https:\/\/www.europesays.com\/de\/wp-json\/wp\/v2\/posts\/861868","targetHints":{"allow":["GET"]}}],"collection":[{"href":"https:\/\/www.europesays.com\/de\/wp-json\/wp\/v2\/posts"}],"about":[{"href":"https:\/\/www.europesays.com\/de\/wp-json\/wp\/v2\/types\/post"}],"author":[{"embeddable":true,"href":"https:\/\/www.europesays.com\/de\/wp-json\/wp\/v2\/users\/2"}],"replies":[{"embeddable":true,"href":"https:\/\/www.europesays.com\/de\/wp-json\/wp\/v2\/comments?post=861868"}],"version-history":[{"count":0,"href":"https:\/\/www.europesays.com\/de\/wp-json\/wp\/v2\/posts\/861868\/revisions"}],"wp:featuredmedia":[{"embeddable":true,"href":"https:\/\/www.europesays.com\/de\/wp-json\/wp\/v2\/media\/232834"}],"wp:attachment":[{"href":"https:\/\/www.europesays.com\/de\/wp-json\/wp\/v2\/media?parent=861868"}],"wp:term":[{"taxonomy":"category","embeddable":true,"href":"https:\/\/www.europesays.com\/de\/wp-json\/wp\/v2\/categories?post=861868"},{"taxonomy":"post_tag","embeddable":true,"href":"https:\/\/www.europesays.com\/de\/wp-json\/wp\/v2\/tags?post=861868"}],"curies":[{"name":"wp","href":"https:\/\/api.w.org\/{rel}","templated":true}]}}