{"id":861869,"date":"2026-03-12T04:26:16","date_gmt":"2026-03-12T04:26:16","guid":{"rendered":"https:\/\/www.europesays.com\/de\/861869\/"},"modified":"2026-03-12T04:26:16","modified_gmt":"2026-03-12T04:26:16","slug":"brueckentest-macht-hoffnung-fuer-marode-bauwerke-bundesweit","status":"publish","type":"post","link":"https:\/\/www.europesays.com\/de\/861869\/","title":{"rendered":"Br\u00fcckentest macht Hoffnung f\u00fcr marode Bauwerke bundesweit"},"content":{"rendered":"<ul>\n<li>Der Belastungstest der B\u00fcrgermeister-Smidt-Br\u00fccke in Bremen wurde erfolgreich durchgef\u00fchrt und zeigte weniger gravierende M\u00e4ngel als zuvor angenommen.<\/li>\n<li>Lars Degen von der Bremer Stra\u00dfenbahn-AG erkl\u00e4rte: &#8222;Heute ist ein freudiger Tag f\u00fcr die BSAG.&#8220; Die lange Sperrzeit war f\u00fcr BSAG und deren Kunden belastend.<\/li>\n<li>Experten wie ASV-Chef Rick Graue betonen, dass Belastungstests k\u00fcnftig h\u00e4ufiger durchgef\u00fchrt werden, jedoch ist jedes Bauwerk individuell zu bewerten.<\/li>\n<\/ul>\n<p>            Mehr anzeigen<br \/>\n            Weniger anzeigen<\/p>\n<p>\n    &#8222;Heute ist ein freudiger Tag f\u00fcr die BSAG.&#8220; Dieser Satz, den Lars Degen von der Bremer Stra\u00dfenbahn-AG am Mittwoch beim <a href=\"http:\/\/weser-kurier.de\/doc84x1w1tslwj16yg4tnhc\" rel=\"nofollow noopener\" target=\"_blank\">Termin auf der B\u00fcrgermeister-Smidt-Br\u00fccke<\/a> ge\u00e4u\u00dfert hat, lie\u00dfe sich durchaus noch auf andere Bereiche erweitern. Nat\u00fcrlich w\u00e4re der Tag noch erfreulicher gewesen, wenn er schlicht eher stattgefunden h\u00e4tte. Auszubaden hatten die lange Zeitspanne zwischen Belastungstest und der Stra\u00dfenbahnfreigabe die BSAG-Kunden und auch das Unternehmen selbst. Mit dem zwischenzeitlichen Verbleib der Wilhelm-Kaisen-Br\u00fccke als einziger bahntauglicher Weserquerung waren alle Seiten ungl\u00fccklich. Doch nicht nur deswegen bleibt der frohgemut gesprochene Satz richtig: &#8222;Heute ist ein freudiger Tag.&#8220; Und das auch ohne den Bezug zur BSAG.\n<\/p>\n<p>Der Grund daf\u00fcr ist perspektivisch zu sehen. Bekannterma\u00dfen ist laut einem Sprichwort dem Ingenieur nichts zu schw\u00f6r. Doch der erfolgreich absolvierte Belastungstest mit Millionen von Messwerten zeigt: Theorie und Praxis k\u00f6nnen auch in der Statik, deren Grundlagen jahrhundertealt und bew\u00e4hrt sind, durchaus auseinanderliegen. Die Belastungen der B\u00fcrgermeister-Smidt-Br\u00fccke waren in der Praxis nicht so gravierend, wie in der Theorie errechnet. Dieses Beispiel macht Hoffnung. Bisher gibt es noch nicht viele solcher Belastungstests von Br\u00fcckenbauwerken. Doch marode Br\u00fccken wie die B\u00fcrgermeister-Smidt-Br\u00fccke gibt es zuhauf, weil sie jahrelang vernachl\u00e4ssigt wurden und die Konstruktionen teilweise mit den heutigen Verkehren \u00fcberfordert sind.<\/p>\n<p>\u00dcberall in Deutschland m\u00fcssen solche Br\u00fccken renoviert und\/oder erneuert werden. Der in Bremen erfolgreich absolvierte Test zeigt, dass manche von ihnen wom\u00f6glich doch nicht so marode sind, dass sie gesperrt werden m\u00fcssen. So lie\u00dfe sich wom\u00f6glich die Lebensdauer mancher Br\u00fccke noch verl\u00e4ngern und wichtige Zeit f\u00fcr einen Neubau gewinnen. Technisch steht man hier noch am Anfang. Auch die Experten in der Bremer Beh\u00f6rde, die unterst\u00fctzend das Know-how der Hochschule Bremen nutzen konnten, wollen das aktuelle Beispiel nicht auf andere Br\u00fccken \u00fcbertragen. &#8222;Jede Br\u00fccke ist anders&#8220;, sagt ASV-Chef Rick Graue. Fest steht: \u00dcber kurz oder lang wird es auch anderswo mehr solcher Tests geben \u2013 und das Wissen \u00fcber die Stabilit\u00e4t von Br\u00fccken weiter wachsen. Ein freudiger Tag.<\/p>\n<p>                Diese Fragen und Antworten wurden mit KI basierend auf unseren Artikeln erstellt.<br \/>\n                <a class=\"more-btn\" href=\"https:\/\/www.weser-kurier.de\/generative-ki\/\" rel=\"nofollow noopener\" target=\"_blank\"><br \/>\n                    \u2192 Mehr Infos<br \/>\n                <\/a><\/p>\n<p>                        <a href=\"https:\/\/www.weser-kurier.de\/\" id=\"home\" class=\"button primary-primary font-size-15_1 m-0a customEvent\" data-layer-event-name=\"customEvent\" data-layer-trigger=\"click\" data-layer-category=\"artikelscoring\" data-layer-action=\"startseite_button\" data-layer-label=\"doc84xl2wbku43uggmtcyj\" data-layer-value=\"https:\/\/www.weser-kurier.de\/bremen\/stadtteil-mitte\/1\" rel=\"nofollow noopener\" target=\"_blank\">Zur Startseite<\/a><\/p>\n","protected":false},"excerpt":{"rendered":"Der Belastungstest der B\u00fcrgermeister-Smidt-Br\u00fccke in Bremen wurde erfolgreich durchgef\u00fchrt und zeigte weniger gravierende M\u00e4ngel als zuvor angenommen. Lars&hellip;\n","protected":false},"author":2,"featured_media":861870,"comment_status":"","ping_status":"","sticky":false,"template":"","format":"standard","meta":{"footnotes":"","_share_on_mastodon":"0"},"categories":[1824],"tags":[2420,3364,29,30],"class_list":["post-861869","post","type-post","status-publish","format-standard","has-post-thumbnail","category-bremen","tag-bremen","tag-de","tag-deutschland","tag-germany"],"share_on_mastodon":{"url":"https:\/\/pubeurope.com\/@de\/116214313183839247","error":""},"_links":{"self":[{"href":"https:\/\/www.europesays.com\/de\/wp-json\/wp\/v2\/posts\/861869","targetHints":{"allow":["GET"]}}],"collection":[{"href":"https:\/\/www.europesays.com\/de\/wp-json\/wp\/v2\/posts"}],"about":[{"href":"https:\/\/www.europesays.com\/de\/wp-json\/wp\/v2\/types\/post"}],"author":[{"embeddable":true,"href":"https:\/\/www.europesays.com\/de\/wp-json\/wp\/v2\/users\/2"}],"replies":[{"embeddable":true,"href":"https:\/\/www.europesays.com\/de\/wp-json\/wp\/v2\/comments?post=861869"}],"version-history":[{"count":0,"href":"https:\/\/www.europesays.com\/de\/wp-json\/wp\/v2\/posts\/861869\/revisions"}],"wp:featuredmedia":[{"embeddable":true,"href":"https:\/\/www.europesays.com\/de\/wp-json\/wp\/v2\/media\/861870"}],"wp:attachment":[{"href":"https:\/\/www.europesays.com\/de\/wp-json\/wp\/v2\/media?parent=861869"}],"wp:term":[{"taxonomy":"category","embeddable":true,"href":"https:\/\/www.europesays.com\/de\/wp-json\/wp\/v2\/categories?post=861869"},{"taxonomy":"post_tag","embeddable":true,"href":"https:\/\/www.europesays.com\/de\/wp-json\/wp\/v2\/tags?post=861869"}],"curies":[{"name":"wp","href":"https:\/\/api.w.org\/{rel}","templated":true}]}}