{"id":861950,"date":"2026-03-12T05:11:16","date_gmt":"2026-03-12T05:11:16","guid":{"rendered":"https:\/\/www.europesays.com\/de\/861950\/"},"modified":"2026-03-12T05:11:16","modified_gmt":"2026-03-12T05:11:16","slug":"borussia-moenchengladbach-philipp-sander-setzt-auf-den-12-mann-sport","status":"publish","type":"post","link":"https:\/\/www.europesays.com\/de\/861950\/","title":{"rendered":"Borussia M\u00f6nchengladbach: Philipp Sander setzt auf den \u201e12. Mann\u201d | Sport"},"content":{"rendered":"<p><a class=\"skip-content skip-content--link\" href=\"#in-content-skip-link-target-v-0-0\">TTS-Player \u00fcberspringen\u21b5<\/a><a id=\"in-content-skip-link-target-v-0-0\" class=\"skip-content--target-link-hidden skip-content skip-content--target-link\" href=\"#in-content-skip-link-target-v-0-0\">Artikel weiterlesen<\/a><\/p>\n<p><b>JETZT Z\u00c4HLT ES! Freitag (20.30 Uhr\/Sky) gegen den FC St. Pauli geht es f\u00fcr Gladbach bereits um die Zukunft in der Bundesliga. Die Mannschaft von Trainer Eugen Polanski (39) hat momentan nur noch einen einzigen Z\u00e4hler Vorsprung auf Relegationsrang 16, der derzeit von St. Pauli besetzt wird. Kann Borussia nach dem 1:0 gegen Union Berlin am Freitag nicht den zweiten Heimsieg landen, wird das Thema Klassenerhalt endg\u00fcltig zur Zitterpartie.<\/b><\/p>\n<p>Mehr zum Thema<\/p>\n<p>Mittelfeldspieler Philipp Sander (27) setzt im ersten Abstiegs-Endspiel nicht nur auf die 11 Fohlen-Profis auf dem Rasen \u2013 sondern auch auf den \u201e12. Mann\u201d. Sander in einem Interview auf der Vereins-Homepage \u00fcber die Fan-Unterst\u00fctzung: \u201eSie bedeutet uns extrem viel. Deshalb freue ich mich umso mehr auf das Heimspiel am Freitag, wenn erneut \u00fcber 50 000 Fans hinter uns stehen und uns hoffentlich \u00fcber 90 Minuten tragen. Diese Energie, die wir dadurch auf dem Platz bekommen, ist wirklich etwas Besonderes und hilft uns ungemein \u2013 zu Hause wie ausw\u00e4rts.\u201c Einer, der nicht helfen kann, ist Rocco Reitz (23). Der <a href=\"https:\/\/www.bild.de\/sport\/fussball\/borussia-moenchengladbach\/startseite-borussia-moenchengladbach-31074418.bild.html\" class=\"text-link\" rel=\"nofollow noopener\" target=\"_blank\">Gladbach<\/a>-Kapit\u00e4n hatte beim 1:4 bei den Bayern nach einer Notbremse die Rote Karte gesehen, er wurde f\u00fcr ein <a href=\"https:\/\/www.bild.de\/sport\/fussball\/bundesliga\/bundesliga-startseite-52368768.bild.html\" class=\"text-link\" rel=\"nofollow noopener\" target=\"_blank\">Bundesliga<\/a>-Spiel gesperrt. Sander zum Reitz-Ausfall: \u201eNat\u00fcrlich ist Rocco ein enormer Energiegeber auf dem Platz. Sein Ausfall ist dennoch nicht zu \u00e4ndern. Es wird ein anderer Spieler f\u00fcr ihn \u00fcbernehmen, und es liegt an uns als Mannschaft, das gemeinsam aufzufangen, geschlossen aufzutreten und idealerweise die drei Punkte zu holen.\u201c<\/p>\n<p>\u201eWir gehen mit Zuversicht in die Partie\u201d<\/p>\n<p>Sander erkl\u00e4rt auch die Herangehensweise der Mannschaft: \u201eDie Mannschaft wirkt sehr fokussiert. Uns ist bewusst, dass es ein wichtiges Spiel ist. Gleichzeitig wissen wir, dass wir selbstbewusst auftreten und an unsere Qualit\u00e4t glauben m\u00fcssen. Es wird eine anspruchsvolle Aufgabe, aber wir gehen mit Zuversicht in die Partie. Entscheidend wird sein, kompakt zu stehen und zun\u00e4chst kein Gegentor zuzulassen. Das war auch im letzten Heimspiel gegen Union ein Schl\u00fcssel.\u201c<\/p>\n","protected":false},"excerpt":{"rendered":"TTS-Player \u00fcberspringen\u21b5Artikel weiterlesen JETZT Z\u00c4HLT ES! Freitag (20.30 Uhr\/Sky) gegen den FC St. Pauli geht es f\u00fcr Gladbach&hellip;\n","protected":false},"author":2,"featured_media":861951,"comment_status":"","ping_status":"","sticky":false,"template":"","format":"standard","meta":{"footnotes":"","_share_on_mastodon":"0"},"categories":[1849],"tags":[815,3364,29,538,548,663,3934,30,13,4455,14,15,1209,100524,18893,18894,12,819,45],"class_list":["post-861950","post","type-post","status-publish","format-standard","has-post-thumbnail","category-moenchengladbach","tag-borussia-moenchengladbach","tag-de","tag-deutschland","tag-erste-bundesliga","tag-eu","tag-europa","tag-europe","tag-germany","tag-headlines","tag-moenchengladbach","tag-nachrichten","tag-news","tag-nordrhein-westfalen","tag-polanski-eugen","tag-reitz-rocco","tag-sander-philipp","tag-schlagzeilen","tag-sport-leuchtturm-essen","tag-texttospeech"],"share_on_mastodon":{"url":"https:\/\/pubeurope.com\/@de\/116214489803547309","error":""},"_links":{"self":[{"href":"https:\/\/www.europesays.com\/de\/wp-json\/wp\/v2\/posts\/861950","targetHints":{"allow":["GET"]}}],"collection":[{"href":"https:\/\/www.europesays.com\/de\/wp-json\/wp\/v2\/posts"}],"about":[{"href":"https:\/\/www.europesays.com\/de\/wp-json\/wp\/v2\/types\/post"}],"author":[{"embeddable":true,"href":"https:\/\/www.europesays.com\/de\/wp-json\/wp\/v2\/users\/2"}],"replies":[{"embeddable":true,"href":"https:\/\/www.europesays.com\/de\/wp-json\/wp\/v2\/comments?post=861950"}],"version-history":[{"count":0,"href":"https:\/\/www.europesays.com\/de\/wp-json\/wp\/v2\/posts\/861950\/revisions"}],"wp:featuredmedia":[{"embeddable":true,"href":"https:\/\/www.europesays.com\/de\/wp-json\/wp\/v2\/media\/861951"}],"wp:attachment":[{"href":"https:\/\/www.europesays.com\/de\/wp-json\/wp\/v2\/media?parent=861950"}],"wp:term":[{"taxonomy":"category","embeddable":true,"href":"https:\/\/www.europesays.com\/de\/wp-json\/wp\/v2\/categories?post=861950"},{"taxonomy":"post_tag","embeddable":true,"href":"https:\/\/www.europesays.com\/de\/wp-json\/wp\/v2\/tags?post=861950"}],"curies":[{"name":"wp","href":"https:\/\/api.w.org\/{rel}","templated":true}]}}