{"id":861977,"date":"2026-03-12T05:26:15","date_gmt":"2026-03-12T05:26:15","guid":{"rendered":"https:\/\/www.europesays.com\/de\/861977\/"},"modified":"2026-03-12T05:26:15","modified_gmt":"2026-03-12T05:26:15","slug":"russische-aussenpolitik-russlands-verheerendster-aussenpolitischer-fehler","status":"publish","type":"post","link":"https:\/\/www.europesays.com\/de\/861977\/","title":{"rendered":"Russische Au\u00dfenpolitik: Russlands verheerendster au\u00dfenpolitischer Fehler"},"content":{"rendered":"<p class=\"paragraph article__item\">Wer im Nahen Osten oder in Lateinamerika mit <a class=\"rtr-entity\" href=\"https:\/\/www.zeit.de\/thema\/russland\" rel=\"nofollow noopener\" target=\"_blank\">Russland<\/a> verb\u00fcndet ist, scheint neuerdings gef\u00e4hrlich zu leben: In Syrien f\u00fchrte Wladimir Putin mit Baschar Assad Krieg gegen die Bev\u00f6lkerung, die russische Luftwaffe bombardierte Krankenh\u00e4user und Schulen, zerst\u00f6rte Aleppo. In Venezuela hatte Moskau einen engen ideologischen Freund, investierte Milliarden und hatte Anteile an \u00d6lfeldern. Und Iran war einer der wichtigsten Verb\u00fcndeten, der Russland bei seinem Krieg gegen die Ukraine unterst\u00fctzte. Inzwischen sind die ehemaligen Machthaber in den drei Staaten gest\u00fcrzt, gefangen oder get\u00f6tet worden.\u00a0\n<\/p>\n<p class=\"paragraph article__item\">Folgt daraus, dass die russische Au\u00dfenpolitik gescheitert ist? Welche Priorit\u00e4ten verfolgt sie \u00fcberhaupt, wo kann sie doch noch Erfolge verzeichnen? Wie hat sich Russlands Verh\u00e4ltnis zu den USA und China ver\u00e4ndert? Und wie wird der Krieg gegen den <a class=\"rtr-entity\" href=\"https:\/\/www.zeit.de\/thema\/iran\" rel=\"nofollow noopener\" target=\"_blank\">Iran<\/a> Russlands Vorgehen in der Ukraine beeinflussen?\n<\/p>\n<p class=\"paragraph article__item\">Dar\u00fcber sprechen Alice Bota und Michael Thumann in dieser Ostcast-Folge mit der Russland-Expertin Sabine Fischer. Sie ist Senior Fellow bei der Stiftung Wissenschaft und Politik und Autorin des Buches Die chauvinistische Bedrohung, Russlands Kriege und Europas Antworten. Einer ihrer Schwerpunkte ist die russische <a class=\"rtr-entity\" href=\"https:\/\/www.zeit.de\/thema\/aussenpolitik\" rel=\"nofollow noopener\" target=\"_blank\">Au\u00dfenpolitik<\/a>.  Eines zeigt sich: Die russische Au\u00dfenpolitik ist einer Priorit\u00e4t unterworfen, n\u00e4mlich dem Krieg gegen die Ukraine.\n<\/p>\n<p class=\"paragraph article__item\">Alle drei Wochen sprechen wir im Ostcast \u00fcber Politik und Gesellschaft der<br \/>\nosteurop\u00e4ischen L\u00e4nder. Alice Bota berichtet von ihren Gespr\u00e4chen und<br \/>\nErfahrungen in Osteuropa, Michael Thumann erz\u00e4hlt von seinen Begegnungen und<br \/>\nReisen in Russland und den Nachbarl\u00e4ndern.\n<\/p>\n<p class=\"paragraph article__item\">Alle Folgen des Podcasts finden Sie <a target=\"_blank\" href=\"https:\/\/www.zeit.de\/serie\/der-ostcast\" rel=\"noopener noreferrer nofollow\">hier<\/a>. Unter <a target=\"_blank\" href=\"https:\/\/www.zeit.de\/politik\/2026-03\/mailto:ostcast@zeit.de\" rel=\"noopener noreferrer nofollow\">ostcast@zeit.de<\/a> erreichen Sie das Team per Mail.<\/p>\n","protected":false},"excerpt":{"rendered":"Wer im Nahen Osten oder in Lateinamerika mit Russland verb\u00fcndet ist, scheint neuerdings gef\u00e4hrlich zu leben: In Syrien&hellip;\n","protected":false},"author":2,"featured_media":861978,"comment_status":"","ping_status":"","sticky":false,"template":"","format":"standard","meta":{"footnotes":"","_share_on_mastodon":"0"},"categories":[4013],"tags":[18554,331,332,1157,24027,13,345,14,15,23560,16,4043,4044,28803,850,307,12,1700,306],"class_list":["post-861977","post","type-post","status-publish","format-standard","has-post-thumbnail","category-russland","tag-ajatollah-said-ali-chamenei","tag-aktuelle-nachrichten","tag-aktuelle-news","tag-aussenpolitik","tag-baschar-al-assad","tag-headlines","tag-iran","tag-nachrichten","tag-news","tag-nicolas-maduro","tag-politik","tag-russia","tag-russian-federation","tag-russische-aussenpolitik","tag-russische-foederation","tag-russland","tag-schlagzeilen","tag-venezuela","tag-wladimir-putin"],"share_on_mastodon":{"url":"https:\/\/pubeurope.com\/@de\/116214548842064204","error":""},"_links":{"self":[{"href":"https:\/\/www.europesays.com\/de\/wp-json\/wp\/v2\/posts\/861977","targetHints":{"allow":["GET"]}}],"collection":[{"href":"https:\/\/www.europesays.com\/de\/wp-json\/wp\/v2\/posts"}],"about":[{"href":"https:\/\/www.europesays.com\/de\/wp-json\/wp\/v2\/types\/post"}],"author":[{"embeddable":true,"href":"https:\/\/www.europesays.com\/de\/wp-json\/wp\/v2\/users\/2"}],"replies":[{"embeddable":true,"href":"https:\/\/www.europesays.com\/de\/wp-json\/wp\/v2\/comments?post=861977"}],"version-history":[{"count":0,"href":"https:\/\/www.europesays.com\/de\/wp-json\/wp\/v2\/posts\/861977\/revisions"}],"wp:featuredmedia":[{"embeddable":true,"href":"https:\/\/www.europesays.com\/de\/wp-json\/wp\/v2\/media\/861978"}],"wp:attachment":[{"href":"https:\/\/www.europesays.com\/de\/wp-json\/wp\/v2\/media?parent=861977"}],"wp:term":[{"taxonomy":"category","embeddable":true,"href":"https:\/\/www.europesays.com\/de\/wp-json\/wp\/v2\/categories?post=861977"},{"taxonomy":"post_tag","embeddable":true,"href":"https:\/\/www.europesays.com\/de\/wp-json\/wp\/v2\/tags?post=861977"}],"curies":[{"name":"wp","href":"https:\/\/api.w.org\/{rel}","templated":true}]}}