{"id":862014,"date":"2026-03-12T05:45:18","date_gmt":"2026-03-12T05:45:18","guid":{"rendered":"https:\/\/www.europesays.com\/de\/862014\/"},"modified":"2026-03-12T05:45:18","modified_gmt":"2026-03-12T05:45:18","slug":"auf-parkplatz-an-der-prager-strasse-in-dresden-zwei-kleintransporter-in-flammen","status":"publish","type":"post","link":"https:\/\/www.europesays.com\/de\/862014\/","title":{"rendered":"Auf Parkplatz an der Prager Stra\u00dfe in Dresden: Zwei Kleintransporter in Flammen"},"content":{"rendered":"<p>Feuerwehreinsatz in der Nacht<\/p>\n<p>Auf Parkplatz an der Prager Stra\u00dfe in Dresden: Zwei Kleintransporter in Flammen<\/p>\n<p><img decoding=\"async\" alt=\"Auf einem Parkplatz in der N\u00e4he der Prager Stra\u00dfe in Dresden haben in der Nacht von Mittwoch auf Donnerstag zwei Kleintransporter gebrannt.\" fetchpriority=\"high\"  src=\"https:\/\/www.europesays.com\/de\/wp-content\/uploads\/2026\/03\/FDDOGCQVK5GTXLGTRPGH5IBZSA.jpg\" \/><\/p>\n<p class=\"Textstyled__Text-sc-1cqv9mi-0 dKgfuR ArticleHeadstyled__ArticleSubHeadline-sc-tdzyy5-11 fXdZot\">In Dresden haben in der Nacht zwei Kleintransporter auf einem Parkplatz nahe der Prager Stra\u00dfe gebrannt. Die Feuerwehr war im Einsatz, um die Flammen zu l\u00f6schen und eine \u00d6lspur zu beseitigen. Die Polizei ermittelt zur Brandursache.<\/p>\n<p class=\"Textstyled__Text-sc-1cqv9mi-0 dKgfuR\">Dresden. Auf einem Parkplatz in der N\u00e4he der Prager Stra\u00dfe in Dresden haben in der Nacht von Mittwoch auf Donnerstag zwei Kleintransporter gebrannt. Als die Berufsfeuerwehr gegen 0.25 Uhr an der Reitbahnstra\u00dfe eintraf, standen beide Fahrzeuge in Flammen, wie ein Fotoreporter berichtet. <\/p>\n<p>Weiterlesen nach der Anzeige<\/p>\n<p>Weiterlesen nach der Anzeige<\/p>\n<p class=\"Textstyled__Text-sc-1cqv9mi-0 dKgfuR\">Mit Wasser und Schaum l\u00f6schten die Feuerwehrleute die einige Meter voneinander abgestellten Fahrzeuge. Personen kamen nicht zu Schaden. An beiden Transportern, ein Ford und ein Mercedes, entstand Totalschaden. <\/p>\n<p class=\"Textstyled__Text-sc-1cqv9mi-0 dKgfuR\">Der Ford hatte den Angaben zufolge einige Haushaltsger\u00e4te geladen. Am Mercedes trat eine gro\u00dfe Menge \u00d6l aus. Dieses verteilte sich auf dem Parkplatz. Deshalb musste die Feuerwehr die \u00d6lspur beseitigen. <\/p>\n<p>Weiterlesen nach der Anzeige<\/p>\n<p>Weiterlesen nach der Anzeige<\/p>\n<p class=\"Textstyled__Text-sc-1cqv9mi-0 dKgfuR\">Die Reitbahnstra\u00dfe war w\u00e4hrend des Einsatzes gesperrt. Die Polizei ermittelt zur Brandursache.<\/p>\n<p class=\"Editorialstyled__Editorial-sc-1bfvh9l-0 cSmjnJ\">SZ<\/p>\n","protected":false},"excerpt":{"rendered":"Feuerwehreinsatz in der Nacht Auf Parkplatz an der Prager Stra\u00dfe in Dresden: Zwei Kleintransporter in Flammen In Dresden&hellip;\n","protected":false},"author":2,"featured_media":862015,"comment_status":"","ping_status":"","sticky":false,"template":"","format":"standard","meta":{"footnotes":"","_share_on_mastodon":"0"},"categories":[1835],"tags":[3364,29,2386,30,859],"class_list":["post-862014","post","type-post","status-publish","format-standard","has-post-thumbnail","category-dresden","tag-de","tag-deutschland","tag-dresden","tag-germany","tag-sachsen"],"share_on_mastodon":{"url":"https:\/\/pubeurope.com\/@de\/116214623639377626","error":""},"_links":{"self":[{"href":"https:\/\/www.europesays.com\/de\/wp-json\/wp\/v2\/posts\/862014","targetHints":{"allow":["GET"]}}],"collection":[{"href":"https:\/\/www.europesays.com\/de\/wp-json\/wp\/v2\/posts"}],"about":[{"href":"https:\/\/www.europesays.com\/de\/wp-json\/wp\/v2\/types\/post"}],"author":[{"embeddable":true,"href":"https:\/\/www.europesays.com\/de\/wp-json\/wp\/v2\/users\/2"}],"replies":[{"embeddable":true,"href":"https:\/\/www.europesays.com\/de\/wp-json\/wp\/v2\/comments?post=862014"}],"version-history":[{"count":0,"href":"https:\/\/www.europesays.com\/de\/wp-json\/wp\/v2\/posts\/862014\/revisions"}],"wp:featuredmedia":[{"embeddable":true,"href":"https:\/\/www.europesays.com\/de\/wp-json\/wp\/v2\/media\/862015"}],"wp:attachment":[{"href":"https:\/\/www.europesays.com\/de\/wp-json\/wp\/v2\/media?parent=862014"}],"wp:term":[{"taxonomy":"category","embeddable":true,"href":"https:\/\/www.europesays.com\/de\/wp-json\/wp\/v2\/categories?post=862014"},{"taxonomy":"post_tag","embeddable":true,"href":"https:\/\/www.europesays.com\/de\/wp-json\/wp\/v2\/tags?post=862014"}],"curies":[{"name":"wp","href":"https:\/\/api.w.org\/{rel}","templated":true}]}}