{"id":862112,"date":"2026-03-12T06:48:18","date_gmt":"2026-03-12T06:48:18","guid":{"rendered":"https:\/\/www.europesays.com\/de\/862112\/"},"modified":"2026-03-12T06:48:18","modified_gmt":"2026-03-12T06:48:18","slug":"sexueller-missbrauch-im-erzbistum-paderborn-universitaet-veroeffentlicht-heute-forschungsergebnisse","status":"publish","type":"post","link":"https:\/\/www.europesays.com\/de\/862112\/","title":{"rendered":"Sexueller Missbrauch im Erzbistum Paderborn: Universit\u00e4t ver\u00f6ffentlicht heute Forschungsergebnisse"},"content":{"rendered":"<p id=\"absatz1\" class=\"em_text\">Paderborn. Dieser Tag wurde lang erwartet: Nach mehrj\u00e4hriger Forschungsarbeit soll am Donnerstag, 12. M\u00e4rz, eine unabh\u00e4ngige Studie zu sexuellem Missbrauch im Erzbistum ver\u00f6ffentlicht werden. Erstellt wurde die Forschungsarbeit von Wissenschaftlern der Universit\u00e4t Paderborn im Auftrag der Di\u00f6zese.<\/p>\n<p id=\"absatz2\" class=\"em_text\">Die Untersuchung nimmt die Zeit von 1941 bis 2002 und damit die Amtszeiten der Erzbisch\u00f6fe Lorenz Kardinal Jaeger und Johannes Joachim Kardinal Degenhardt in den Blick. Ihnen war bereits in einer Zwischenbilanz <a href=\"https:\/\/www.nw.de\/lokal\/kreis_paderborn\/paderborn\/23757848_Missbrauch-Ueber-Verfehlungen-der-Paderborner-Bischoefe-wird-auch-online-informiert.html\" rel=\"nofollow noopener\" target=\"_blank\">schweres Fehlverhalten vorgeworfe<\/a>n worden, worauf seitdem unter anderem Infotafeln an ihren Gr\u00e4bern im Dom hinweisen.<\/p>\n<p id=\"absatz3\" class=\"em_text\">Das Erzbistum hatte 2018 auf Grundlage der sogenannten MHG-Studie mitgeteilt, es seien <a href=\"https:\/\/www.nw.de\/lokal\/kreis_paderborn\/paderborn\/22253305_Fast-200-Opfer-von-sexuellem-Missbrauch-im-Erzbistum-Paderborn.html\" rel=\"nofollow noopener\" target=\"_blank\">fast 200 Opfer sexuellen Missbrauchs<\/a> durch 111 Kleriker zwischen 1946 und 2014 festgestellt worden. Einem Zwischenbericht der Uni-Studie aus dem Jahr 2021 zufolge wurden sogar <a href=\"https:\/\/www.nw.de\/nachrichten\/zwischen_weser_und_rhein\/23144118_Missbrauchs-Aufarbeitung-im-Erzbistum-Paderborn-160-Beschuldigte.html\" rel=\"nofollow noopener\" target=\"_blank\">160 Beschuldigte identifiziert<\/a>. Nun sind noch genauere und vermutlich auch h\u00f6here Zahlen sowie Details zu erwarten.<\/p>\n<p id=\"absatz4\"><b class=\"bold\">Missbrauch im Erzbistum Paderborn: <\/b><a href=\"https:\/\/www.nw.de\/nachrichten\/zwischen_weser_und_rhein\/24266214_Missbrauch-im-Erzbistum-Paderborn-Untersuchungsergebnisse-angekuendigt-Erzbischof-reagiert.html\" rel=\"nofollow noopener\" target=\"_blank\">Untersuchungsergebnisse angek\u00fcndigt &#8211; Erzbischof reagiert <\/a><\/p>\n<p id=\"absatz5\" class=\"em_text\">Das Paderborner Erzbistum, das die Studie nicht vorab erh\u00e4lt, wird sich einen Tag sp\u00e4ter ausf\u00fchrlich zu den Ergebnissen \u00e4u\u00dfern und hat au\u00dferdem vertiefende Dialogveranstaltungen in den Regionen der Erzdi\u00f6zese mit Vertretern der Betroffenen angek\u00fcndigt.<\/p>\n<p>Wissens- und Lesenswertes zur Missbrauch-Studie f\u00fcr das Erzbistum Paderborn<\/p>\n<p id=\"absatz6\"><b class=\"bold\">25 Felder voller Leid:<\/b> <a href=\"https:\/\/www.nw.de\/lokal\/kreis_paderborn\/paderborn\/24282549_Missbrauch-Mahnmal-im-Paderborner-Dom-25-Felder-voller-Leid.html\" rel=\"nofollow noopener\" target=\"_blank\">Missbrauch-Mahnmal im Paderborner Dom<\/a><\/p>\n<p id=\"absatz7\" class=\"western\"><b class=\"bold\">Missbrauch-Betroffene schildern ihr Leid:<\/b> <a href=\"https:\/\/www.nw.de\/lokal\/kreis_paderborn\/paderborn\/24216507_Paderborner-Missbrauch-Betroffene-schildern-ihr-Leid-Alleine-mit-Schuld-und-Scham.html\" rel=\"nofollow noopener\" target=\"_blank\">\u201eAlleine mit Schuld und Scham\u201c<\/a><\/p>\n<p id=\"absatz8\" class=\"western\"><b class=\"bold\">Interview mit Betroffenem:<\/b> <a href=\"https:\/\/www.nw.de\/lokal\/kreis_paderborn\/paderborn\/24073508_Missbrauch-Betroffener-Wir-fordern-aktivere-Aufarbeitung-vom-Erzbistum-Paderborn.html\" rel=\"nofollow noopener\" target=\"_blank\">\u201eWir fordern aktivere Aufarbeitung vom Erzbistum Paderborn\u201c<\/a><\/p>\n<p id=\"absatz9\" class=\"western\"><b class=\"bold\">Missbrauch-Aufarbeitung:<\/b> <a href=\"https:\/\/www.nw.de\/lokal\/kreis_paderborn\/paderborn\/23205524_Missbrauchs-Aufarbeitung-Zu-wenige-Zeitzeugen-Aufrufe-in-der-Kirche.html\" rel=\"nofollow noopener\" target=\"_blank\">Zu wenige Zeitzeugen-Aufrufe in der Kirche?<\/a><\/p>\n<p id=\"absatz10\" class=\"western\"><b class=\"bold\">Ansturm:<\/b> <a href=\"https:\/\/www.nw.de\/lokal\/kreis_paderborn\/paderborn\/23182564_Ansturm-Kirchenaustritte-nehmen-nach-Missbrauchsgutachten-weiter-zu.html\" rel=\"nofollow noopener\" target=\"_blank\">Kirchenaustritte nehmen nach Missbrauchsgutachten weiter zu<\/a> <\/p>\n","protected":false},"excerpt":{"rendered":"Paderborn. Dieser Tag wurde lang erwartet: Nach mehrj\u00e4hriger Forschungsarbeit soll am Donnerstag, 12. M\u00e4rz, eine unabh\u00e4ngige Studie zu&hellip;\n","protected":false},"author":2,"featured_media":862113,"comment_status":"","ping_status":"","sticky":false,"template":"","format":"standard","meta":{"footnotes":"","_share_on_mastodon":"0"},"categories":[1841],"tags":[1605,3364,29,27540,24002,19740,67223,30,191064,731,9307,1611,1607,16402,1608,44423,734,736,164252,24009,1613,1920,1209,727,191065,144734,34363],"class_list":["post-862112","post","type-post","status-publish","format-standard","has-post-thumbnail","category-bielefeld","tag-bielefeld","tag-de","tag-deutschland","tag-erzbistum","tag-erzbistum-paderborn","tag-forschungsarbeit","tag-forschungsergebnis","tag-germany","tag-johannes-joachim","tag-label_cm-ok","tag-label_foto","tag-label_informiere-mich","tag-label_knaller","tag-label_ordne-fr-mich-ein","tag-label_top-news","tag-label_user-need","tag-meta_artikelklasse_nachricht","tag-meta_copyrights_nw","tag-meta_eo_zusammenfassung","tag-meta_themen_sonstiges","tag-meta_userneeds_informieremich","tag-missbrauch","tag-nordrhein-westfalen","tag-paderborn","tag-serie_missbrauchsstudie","tag-universitt-paderborn","tag-zwischenbilanz"],"share_on_mastodon":{"url":"","error":"Validation failed: Text character limit of 500 exceeded"},"_links":{"self":[{"href":"https:\/\/www.europesays.com\/de\/wp-json\/wp\/v2\/posts\/862112","targetHints":{"allow":["GET"]}}],"collection":[{"href":"https:\/\/www.europesays.com\/de\/wp-json\/wp\/v2\/posts"}],"about":[{"href":"https:\/\/www.europesays.com\/de\/wp-json\/wp\/v2\/types\/post"}],"author":[{"embeddable":true,"href":"https:\/\/www.europesays.com\/de\/wp-json\/wp\/v2\/users\/2"}],"replies":[{"embeddable":true,"href":"https:\/\/www.europesays.com\/de\/wp-json\/wp\/v2\/comments?post=862112"}],"version-history":[{"count":0,"href":"https:\/\/www.europesays.com\/de\/wp-json\/wp\/v2\/posts\/862112\/revisions"}],"wp:featuredmedia":[{"embeddable":true,"href":"https:\/\/www.europesays.com\/de\/wp-json\/wp\/v2\/media\/862113"}],"wp:attachment":[{"href":"https:\/\/www.europesays.com\/de\/wp-json\/wp\/v2\/media?parent=862112"}],"wp:term":[{"taxonomy":"category","embeddable":true,"href":"https:\/\/www.europesays.com\/de\/wp-json\/wp\/v2\/categories?post=862112"},{"taxonomy":"post_tag","embeddable":true,"href":"https:\/\/www.europesays.com\/de\/wp-json\/wp\/v2\/tags?post=862112"}],"curies":[{"name":"wp","href":"https:\/\/api.w.org\/{rel}","templated":true}]}}