{"id":862305,"date":"2026-03-12T08:35:20","date_gmt":"2026-03-12T08:35:20","guid":{"rendered":"https:\/\/www.europesays.com\/de\/862305\/"},"modified":"2026-03-12T08:35:20","modified_gmt":"2026-03-12T08:35:20","slug":"niedersachsen-bremen-ladendieb-mit-36-promille-klaut-wodkaflasche","status":"publish","type":"post","link":"https:\/\/www.europesays.com\/de\/862305\/","title":{"rendered":"Niedersachsen &#038; Bremen: Ladendieb mit 3,6 Promille klaut Wodkaflasche"},"content":{"rendered":"<p>Niedersachsen &amp; BremenLadendieb mit 3,6 Promille klaut Wodkaflasche<img decoding=\"async\" class=\"Image_img__fQCi0 Image_Img_16_9__4BLfH\" loading=\"eager\" fetchpriority=\"high\" src=\"https:\/\/www.europesays.com\/de\/wp-content\/uploads\/2026\/03\/Es-war-ein-ungewoehnlicher-Einsatz-fuer-die-Polizei.webp.webp\" alt=\"Es-war-ein-ungewoehnlicher-Einsatz-fuer-die-Polizei\"\/>TeilenFolgen auf:<a href=\"https:\/\/www.whatsapp.com\/channel\/0029Va5cdVJD8SDp5YZgYF01\" title=\"Auf WhatsApp folgen\" target=\"_blank\" rel=\"nofollow noopener\"><img decoding=\"async\" src=\"https:\/\/www.n-tv.de\/socialIcons\/whatsapp.svg\" alt=\"whatsapp\" class=\"ArticleShare_icon__FsrC2\"\/><\/a><a href=\"https:\/\/news.google.com\/publications\/CAAiEPMdif5mpRNxiLOeUpHCwwsqFAgKIhDzHYn-ZqUTcYiznlKRwsML?hl=de&amp;gl=DE&amp;ceid=DE%3Ade\" title=\"Auf Google News folgen\" target=\"_blank\" rel=\"nofollow noopener\"><img decoding=\"async\" src=\"https:\/\/www.n-tv.de\/socialIcons\/google.svg\" alt=\"whatsapp\" class=\"ArticleShare_icon__FsrC2\"\/><\/a><\/p>\n<p class=\"Typography_text-m__XI0da Typography_weight-bold__uT6mq storyline_lead_text_leadtext__q_wg8\">Ein schwer betrunkener Ladendieb stiehlt &#8211; was sonst? &#8211; eine Wodkaflasche. Das f\u00e4llt Mitarbeitern des Lebensmittelgesch\u00e4fts in Schortens auf. Jetzt l\u00e4uft ein Strafverfahren gegen ihn.<\/p>\n<p class=\"Typography_text-default__P3otY Typography_weight-normal__pqUbH storyline_paragraph_p__qSR5N\">Schortens (dpa\/lni) &#8211; Ausgerechnet eine Wodkaflasche hat ein schwer betrunkener Ladendieb in einem Lebensmittelgesch\u00e4ft im Landkreis Friesland zu stehlen versucht. Der 45-J\u00e4hrige habe die Flasche in seiner Jacke versteckt und die Kasse passiert, ohne zu bezahlen, teilte die Polizei mit.<\/p>\n<p class=\"Typography_text-default__P3otY Typography_weight-normal__pqUbH storyline_paragraph_p__qSR5N\">Ein Mitarbeiter bemerkte das und sprach ihn an &#8211; er gab die Flasche zur\u00fcck. Die Atemalkoholkonzentration des Mannes lag bei 3,61 Promille. Gegen ihn wurde ein Strafverfahren eingeleitet.<\/p>\n<p class=\"Typography_text-s__wu_cm Typography_weight-normal__pqUbH Typography_color-darkgrey__sZEnP article-detail-footer_source__KslPc\">Quelle: dpa<\/p>\n","protected":false},"excerpt":{"rendered":"Niedersachsen &amp; BremenLadendieb mit 3,6 Promille klaut WodkaflascheTeilenFolgen auf: Ein schwer betrunkener Ladendieb stiehlt &#8211; was sonst? &#8211;&hellip;\n","protected":false},"author":2,"featured_media":862306,"comment_status":"","ping_status":"","sticky":false,"template":"","format":"standard","meta":{"footnotes":"","_share_on_mastodon":"0"},"categories":[1824],"tags":[2420,3364,29,30],"class_list":["post-862305","post","type-post","status-publish","format-standard","has-post-thumbnail","category-bremen","tag-bremen","tag-de","tag-deutschland","tag-germany"],"share_on_mastodon":{"url":"https:\/\/pubeurope.com\/@de\/116215292245803853","error":""},"_links":{"self":[{"href":"https:\/\/www.europesays.com\/de\/wp-json\/wp\/v2\/posts\/862305","targetHints":{"allow":["GET"]}}],"collection":[{"href":"https:\/\/www.europesays.com\/de\/wp-json\/wp\/v2\/posts"}],"about":[{"href":"https:\/\/www.europesays.com\/de\/wp-json\/wp\/v2\/types\/post"}],"author":[{"embeddable":true,"href":"https:\/\/www.europesays.com\/de\/wp-json\/wp\/v2\/users\/2"}],"replies":[{"embeddable":true,"href":"https:\/\/www.europesays.com\/de\/wp-json\/wp\/v2\/comments?post=862305"}],"version-history":[{"count":0,"href":"https:\/\/www.europesays.com\/de\/wp-json\/wp\/v2\/posts\/862305\/revisions"}],"wp:featuredmedia":[{"embeddable":true,"href":"https:\/\/www.europesays.com\/de\/wp-json\/wp\/v2\/media\/862306"}],"wp:attachment":[{"href":"https:\/\/www.europesays.com\/de\/wp-json\/wp\/v2\/media?parent=862305"}],"wp:term":[{"taxonomy":"category","embeddable":true,"href":"https:\/\/www.europesays.com\/de\/wp-json\/wp\/v2\/categories?post=862305"},{"taxonomy":"post_tag","embeddable":true,"href":"https:\/\/www.europesays.com\/de\/wp-json\/wp\/v2\/tags?post=862305"}],"curies":[{"name":"wp","href":"https:\/\/api.w.org\/{rel}","templated":true}]}}