{"id":862562,"date":"2026-03-12T11:05:20","date_gmt":"2026-03-12T11:05:20","guid":{"rendered":"https:\/\/www.europesays.com\/de\/862562\/"},"modified":"2026-03-12T11:05:20","modified_gmt":"2026-03-12T11:05:20","slug":"zwischen-krisenaengsten-und-boersenoptimismus-bei-aktienorientierter-altersvorsorge","status":"publish","type":"post","link":"https:\/\/www.europesays.com\/de\/862562\/","title":{"rendered":"Zwischen Krisen\u00e4ngsten und B\u00f6rsenoptimismus: Bei aktienorientierter Altersvorsorge &#8230;"},"content":{"rendered":"<p class=\"date\">12.03.2026 \u2013 10:10<\/p>\n<p class=\"customer\">\n                        <a class=\"story-customer\" title=\"weiter zum newsroom von Canada Life Assurance Europe plc, Niederlassung f\u00fcr Deutschland\" href=\"https:\/\/www.presseportal.de\/nr\/53267\" rel=\"nofollow noopener\" target=\"_blank\">Canada Life Assurance Europe plc, Niederlassung f\u00fcr Deutschland<\/a>\n                    <\/p>\n<p><a class=\"glightbox event-trigger\" href=\"https:\/\/cache.pressmailing.net\/thumbnail\/story_hires\/1138e123-ab01-43be-832b-2b3be8729fc4\/Dr.%20Frederick%20Krummet.jpg.jpg\" data-description=\"Dr. Frederick Krummet, Chief Distribution Officer Canada Life Europe \/ Weiterer Text \u00fcber ots und www.presseportal.de\/nr\/53267 \/ Die Verwendung dieses Bildes f\u00fcr redaktionelle Zwecke ist unter Beachtung aller mitgeteilten Nutzungsbedingungen zul\u00e4ssig und dann auch honorarfrei. Ver\u00f6ffentlichung ausschlie\u00dflich mit Bildrechte-Hinweis.\" data-category=\"medialightbox\" data-action=\"click\" data-label=\"single\" data-value=\"69b2751a270000fd2cf1b3e5\" rel=\"nofollow noopener\" target=\"_blank\"><img decoding=\"async\" height=\"540\" with=\"720\" src=\"https:\/\/www.europesays.com\/de\/wp-content\/uploads\/2026\/03\/zwischen-krisen-ngsten-und-b-rsenoptimismus-bei-aktienorientierter-altersvorsorge-sind-experten-gefr.jpeg\"   alt=\"Zwischen Krisen\u00e4ngsten und B\u00f6rsenoptimismus: Bei aktienorientierter Altersvorsorge sind Experten gefragt \/ Repr\u00e4sentative Civey-Umfrage im Auftrag von Canada Life\" class=\"single\"\/><\/a><\/p>\n<p><a data-category=\"citylink-story-view\" data-action=\"click\" data-label=\"Citylink in Meldungsansicht\" class=\"story-city event-trigger\" href=\"https:\/\/www.presseportal.de\/regional\/K%F6ln\" title=\"News aus K\u00f6ln \" rel=\"nofollow noopener\" target=\"_blank\">K\u00f6ln<\/a> (ots)<\/p>\n<p> Die wirtschaftliche und geopolitische Lage verunsichert viele Verbraucher, auch mit Blick auf die Altersvorsorge. Demnach erwartet mehr als jeder Zweite, dass die aktuelle Marktunsicherheit negative Auswirkungen auf eine aktienorientierte private Altersvorsorge hat. Dennoch besteht bei der Mehrheit ein grunds\u00e4tzlicher Optimismus, was die langfristige Entwicklung an den Aktienm\u00e4rkten betrifft: Rund zwei Drittel gehen davon aus, dass sich die B\u00f6rsenkurse perspektivisch stabilisieren. Das zeigt eine von Canada Life in Auftrag gegebene repr\u00e4sentative Umfrage des Meinungsforschungsinstituts Civey, f\u00fcr die 5.000 vollj\u00e4hrige Bundesb\u00fcrgerinnen und Bundesb\u00fcrger im Zeitraum vom 04.02. bis 06.02.2026 befragt wurden. <\/p>\n<p><b>B\u00f6rsenoptimismus und Sorgen durch Marktunsicherheit <\/b><\/p>\n<p> Handelskonflikte, geopolitische Risiken und Wechselkursschwankungen lassen viele Menschen mit Sorge auf die finanzielle Absicherung f\u00fcrs Alter blicken. Mehr als die H\u00e4lfte der Befragten (53,8 %) erwarten negative Auswirkungen f\u00fcr eine aktienorientierte private Altersvorsorge. Weitere 30% sind unentschieden. 11,1 % gehen von positiven Auswirkungen aus. <\/p>\n<p><b>Unterst\u00fctzung durch Experten<\/b><\/p>\n<p> In Zeiten von Marktturbulenzen zeigt sich der Wert professioneller Beratung. Auch das spiegeln die Ergebnisse wider: 56% der Befragten halten die Unterst\u00fctzung von Experten angesichts aktueller Marktunsicherheiten f\u00fcr wichtig. Besonders ausgepr\u00e4gt ist diese Einstellung in der Gruppe der 18-29-J\u00e4hrigen: Hier betrachten 65,3% professionelle Ansprechpartnerinnen und Ansprechpartner bei der aktienorientierten privaten Altersvorsorge als wesentlich. <\/p>\n<p> &#8222;Die Umfrage zeigt, dass viele Menschen trotz aller Sorgen die B\u00f6rsenentwicklung langfristig optimistisch einsch\u00e4tzen. Gerade in unsicheren Zeiten wird deutlich, wie wichtig ein Anlagehorizont \u00fcber viele Jahre hinweg ist &#8211; wer Schritt f\u00fcr Schritt investiert, gleicht Schwankungen aus und baut ein stabiles Fundament. Vor dem Hintergrund der aktuellen weltpolitischen Entwicklungen gewinnt diese Perspektive zus\u00e4tzlich an Bedeutung&#8220; best\u00e4tigt Dr. Frederick Krummet, Chief Distribution Officer des Lebensversicherers. &#8222;Und besonders freut mich, dass Kundinnen und Kunden den Wert einer guten Beratung sch\u00e4tzen, denn das ist das A und O einer guten Vorsorge.&#8220; <\/p>\n<p><b>\u00dcber die Umfrage<\/b><\/p>\n<p> Civey hat f\u00fcr Canada Life vom 04.02. bis 06.02.2026 online 5000 vollj\u00e4hrige Bundesb\u00fcrger ab 18 Jahren befragt. Die Ergebnisse sind aufgrund von Quotierungen und Gewichtungen repr\u00e4sentativ unter Ber\u00fccksichtigung des statistischen Fehlers von 2,6 Prozentpunkten beim jeweiligen Gesamtergebnis. <\/p>\n<p class=\"contact-headline\">Pressekontakt:<\/p>\n<p class=\"contact-text\">Canada Life Assurance Europe plc<\/p>\n<p>Daniela Schneider<br \/>Referentin Public Relations<br \/>Hohenzollernring 72<br \/>50672 K\u00f6ln<\/p>\n<p>Telefon: 0221\/3675 6415<br \/>E-Mail: <a href=\"https:\/\/www.presseportal.de\/pm\/53267\/mailto: presse@canadalife.de\" class=\"uri-mailto\" rel=\"nofollow noopener\" target=\"_blank\"> presse@canadalife.de<\/a><\/p>\n<p class=\"originator\">Original-Content von: Canada Life Assurance Europe plc, Niederlassung f\u00fcr Deutschland, \u00fcbermittelt durch news aktuell<\/p>\n","protected":false},"excerpt":{"rendered":"12.03.2026 \u2013 10:10 Canada Life Assurance Europe plc, Niederlassung f\u00fcr Deutschland K\u00f6ln (ots) Die wirtschaftliche und geopolitische Lage&hellip;\n","protected":false},"author":2,"featured_media":862563,"comment_status":"","ping_status":"","sticky":false,"template":"","format":"standard","meta":{"footnotes":"","_share_on_mastodon":"0"},"categories":[3933],"tags":[791,331,332,6892,55528,3477,548,663,158,3934,3935,13,14,15,178,180,179,181,12,4649,625,5019],"class_list":["post-862562","post","type-post","status-publish","format-standard","has-post-thumbnail","category-eu","tag-aktien","tag-aktuelle-nachrichten","tag-aktuelle-news","tag-altersvorsorge","tag-brse","tag-bild","tag-eu","tag-europa","tag-europaeische-union","tag-europe","tag-european-union","tag-headlines","tag-nachrichten","tag-news","tag-presse","tag-pressemeldung","tag-pressemitteilung","tag-pressemitteilungen","tag-schlagzeilen","tag-umfrage","tag-verbraucher","tag-versicherung"],"share_on_mastodon":{"url":"https:\/\/pubeurope.com\/@de\/116215881967995026","error":""},"_links":{"self":[{"href":"https:\/\/www.europesays.com\/de\/wp-json\/wp\/v2\/posts\/862562","targetHints":{"allow":["GET"]}}],"collection":[{"href":"https:\/\/www.europesays.com\/de\/wp-json\/wp\/v2\/posts"}],"about":[{"href":"https:\/\/www.europesays.com\/de\/wp-json\/wp\/v2\/types\/post"}],"author":[{"embeddable":true,"href":"https:\/\/www.europesays.com\/de\/wp-json\/wp\/v2\/users\/2"}],"replies":[{"embeddable":true,"href":"https:\/\/www.europesays.com\/de\/wp-json\/wp\/v2\/comments?post=862562"}],"version-history":[{"count":0,"href":"https:\/\/www.europesays.com\/de\/wp-json\/wp\/v2\/posts\/862562\/revisions"}],"wp:featuredmedia":[{"embeddable":true,"href":"https:\/\/www.europesays.com\/de\/wp-json\/wp\/v2\/media\/862563"}],"wp:attachment":[{"href":"https:\/\/www.europesays.com\/de\/wp-json\/wp\/v2\/media?parent=862562"}],"wp:term":[{"taxonomy":"category","embeddable":true,"href":"https:\/\/www.europesays.com\/de\/wp-json\/wp\/v2\/categories?post=862562"},{"taxonomy":"post_tag","embeddable":true,"href":"https:\/\/www.europesays.com\/de\/wp-json\/wp\/v2\/tags?post=862562"}],"curies":[{"name":"wp","href":"https:\/\/api.w.org\/{rel}","templated":true}]}}