{"id":862633,"date":"2026-03-12T11:43:17","date_gmt":"2026-03-12T11:43:17","guid":{"rendered":"https:\/\/www.europesays.com\/de\/862633\/"},"modified":"2026-03-12T11:43:17","modified_gmt":"2026-03-12T11:43:17","slug":"berlin-wohnungsbau-und-artenschutz-bauloewe-schmeisst-wegen-ameisen-hin-politik","status":"publish","type":"post","link":"https:\/\/www.europesays.com\/de\/862633\/","title":{"rendered":"Berlin, Wohnungsbau und Artenschutz: Baul\u00f6we schmei\u00dft wegen Ameisen hin | Politik"},"content":{"rendered":"<p><b>Ein Ameisennest als letzter Tropfen: Projektentwickler Thomas Groth gibt sein gr\u00f6\u00dftes Berliner Bauvorhaben mit rund 2000 geplanten Wohnungen auf und steigt aus. Seit 14 Jahren k\u00e4mpft er mit Artenschutz-Auflagen \u2013 nun zieht er die Rei\u00dfleine.<\/b><\/p>\n<p>Der Fall Groth steht nicht allein. In ganz Berlin bremsen seltene Tiere zentrale Wohnprojekte aus. Wer jetzt \u00fcbernimmt, wo Wohnungen wegfallen und wie sehr Artenschutz den Wohnungsbau verz\u00f6gert, lesen Sie mit BILDplus.<\/p>\n","protected":false},"excerpt":{"rendered":"Ein Ameisennest als letzter Tropfen: Projektentwickler Thomas Groth gibt sein gr\u00f6\u00dftes Berliner Bauvorhaben mit rund 2000 geplanten Wohnungen&hellip;\n","protected":false},"author":2,"featured_media":862634,"comment_status":"","ping_status":"","sticky":false,"template":"","format":"standard","meta":{"footnotes":"","_share_on_mastodon":"0"},"categories":[1825],"tags":[17244,45138,296,29,30,11481,45,626],"class_list":["post-862633","post","type-post","status-publish","format-standard","has-post-thumbnail","category-berlin","tag-ameise","tag-bauprojekte","tag-berlin","tag-deutschland","tag-germany","tag-lichterfelde","tag-texttospeech","tag-wohnung"],"share_on_mastodon":{"url":"https:\/\/pubeurope.com\/@de\/116216031545137729","error":""},"_links":{"self":[{"href":"https:\/\/www.europesays.com\/de\/wp-json\/wp\/v2\/posts\/862633","targetHints":{"allow":["GET"]}}],"collection":[{"href":"https:\/\/www.europesays.com\/de\/wp-json\/wp\/v2\/posts"}],"about":[{"href":"https:\/\/www.europesays.com\/de\/wp-json\/wp\/v2\/types\/post"}],"author":[{"embeddable":true,"href":"https:\/\/www.europesays.com\/de\/wp-json\/wp\/v2\/users\/2"}],"replies":[{"embeddable":true,"href":"https:\/\/www.europesays.com\/de\/wp-json\/wp\/v2\/comments?post=862633"}],"version-history":[{"count":0,"href":"https:\/\/www.europesays.com\/de\/wp-json\/wp\/v2\/posts\/862633\/revisions"}],"wp:featuredmedia":[{"embeddable":true,"href":"https:\/\/www.europesays.com\/de\/wp-json\/wp\/v2\/media\/862634"}],"wp:attachment":[{"href":"https:\/\/www.europesays.com\/de\/wp-json\/wp\/v2\/media?parent=862633"}],"wp:term":[{"taxonomy":"category","embeddable":true,"href":"https:\/\/www.europesays.com\/de\/wp-json\/wp\/v2\/categories?post=862633"},{"taxonomy":"post_tag","embeddable":true,"href":"https:\/\/www.europesays.com\/de\/wp-json\/wp\/v2\/tags?post=862633"}],"curies":[{"name":"wp","href":"https:\/\/api.w.org\/{rel}","templated":true}]}}