{"id":862680,"date":"2026-03-12T12:10:16","date_gmt":"2026-03-12T12:10:16","guid":{"rendered":"https:\/\/www.europesays.com\/de\/862680\/"},"modified":"2026-03-12T12:10:16","modified_gmt":"2026-03-12T12:10:16","slug":"in-diesen-orten-gab-es-keinen-alarm","status":"publish","type":"post","link":"https:\/\/www.europesays.com\/de\/862680\/","title":{"rendered":"In diesen Orten gab es keinen Alarm"},"content":{"rendered":"<p class=\"mb-6 text-xs md:text-m lg:text-l font-serif group-[.font-sans]:font-sans \">\n    Der Warntag in <a href=\"https:\/\/augsburger-allgemeine.de\/bayern\/\" target=\"_self\" class=\"underline \" rel=\"nofollow noopener\">Bayern<\/a> ist der Tag des Probealarms. Mit diesem sollen die Menschen im Freistaat f\u00fcr den Ernstfall sensibilisiert werden und die wichtigsten Anlagen zur Alarmierung \u00fcberpr\u00fcft werden. Und der Warntag war auch in den meisten Orten erfolgreich.\n  <\/p>\n<p>            Sirenen und Handys schlagen am Warntag in Bayern Alarm \u2013 aber nicht \u00fcberall<\/p>\n<p class=\"mb-6 text-xs md:text-m lg:text-l font-serif group-[.font-sans]:font-sans \">\n    Um 11 Uhr haben die Sirenen in den vielen Gemeinden Bayerns Alarm geschlagen \u2013 und um 11.30 Uhr waren sie mit einem anderen Ton gleich noch einmal zu h\u00f6ren, weil sie Entwarnung signalisierten. Auch auf den Handys sollten in aller Regel Warnmeldung und Entwarnung angekommen sein \u2013 <a href=\"https:\/\/www.augsburger-allgemeine.de\/panorama\/warntag-in-bayern-2026-heute-am-12-3-keine-warn-sms-bekommen-die-gruende-102304421\" target=\"_self\" class=\"underline \" rel=\"nofollow noopener\">nur in einzelnen F\u00e4llen gab es keine Meldung auf dem Smartphone<\/a>. Doch l\u00e4ngst nicht in allen Orten waren auch die Sirenen zu h\u00f6ren. <\/p>\n<p>So etwa blieben die Sirenen in der Landeshauptstadt <a href=\"https:\/\/www.augsburger-allgemeine.de\/orte\/aa-muenchen\" target=\"_self\" class=\"underline \" rel=\"nofollow noopener\">M\u00fcnchen<\/a> still. Grund daf\u00fcr ist, dass das Warnsystem in der bayerischen Landeshauptstadt seit den 1990er-Jahren keine Sirenen mehr beinhaltet. <a href=\"https:\/\/www.augsburger-allgemeine.de\/bayern\/warntag-in-muenchen-wieso-schrillen-keine-sirenen-id70138726.html\" target=\"_self\" class=\"underline \" rel=\"nofollow noopener\">Nach dem Ende des Kalten Krieges wurden diese abgebaut.<\/a> Trotzdem sollten alle M\u00fcnchnerinnen und M\u00fcnchner anl\u00e4sslich des Warntags eine Warnmeldung auf ihr Handy erhalten haben.\n  <\/p>\n<p>            Kein Sirenen-Alarm in Aichach-Friedberg: Kreisbrandrat erkl\u00e4rt den Grund<\/p>\n<p class=\"mb-6 text-xs md:text-m lg:text-l font-serif group-[.font-sans]:font-sans \">\n    Auch im Landkreis Aichach-Friedberg blieben an diesem Warntag die Sirenen still \u2013 allerdings aus einem ganz anderen Grund heraus als in M\u00fcnchen. Wie Kreisbrandrat Happach auf Nachfrage unserer Redaktion erkl\u00e4rt, sind die Sirenen im Landkreis ausschlie\u00dflich f\u00fcr die Alarmierung der Feuerwehren vor Ort ausger\u00fcstet.\n  <\/p>\n<p class=\"mb-6 text-xs md:text-m lg:text-l font-serif group-[.font-sans]:font-sans \">\n    F\u00fcr einen Katastrophenfall sind sie bisher noch nicht vorgesehen. Das werde sich aber bald \u00e4ndern, so der Kreisbrandrat. Bis die Umr\u00fcstung vollzogen ist, k\u00f6nne es aber noch ein paar Jahre dauern.<a href=\"https:\/\/www.augsburger-allgemeine.de\/friedberg\/warntag-im-landkreis-aichach-friedberg-sirenen-bleiben-fuer-feuerwehr-reserviert-113710398\" target=\"_self\" class=\"underline \" rel=\"nofollow noopener\"> Also werden die Sirenen im Wittelsbacher Land wohl auch beim n\u00e4chsten Warntag still bleiben.<\/a>\n  <\/p>\n<ul data-module-id=\"DragDropModule\" class=\"flex flex-wrap justify-start group-[.no-bookmarks]:hidden\">\n<li class=\"mb-3 mr-3\">\n    Anika Zidar<\/p>\n<p>      Icon Haken im Kreis gesetzt<\/p>\n<p>      Icon Plus im Kreis<\/p>\n<\/li>\n<li class=\"mb-3 mr-3\">\n    Warntag<\/p>\n<p>      Icon Haken im Kreis gesetzt<\/p>\n<p>      Icon Plus im Kreis<\/p>\n<\/li>\n<li class=\"mb-3 mr-3\">\n    Bayern<\/p>\n<p>      Icon Haken im Kreis gesetzt<\/p>\n<p>      Icon Plus im Kreis<\/p>\n<\/li>\n<\/ul>\n","protected":false},"excerpt":{"rendered":"Der Warntag in Bayern ist der Tag des Probealarms. Mit diesem sollen die Menschen im Freistaat f\u00fcr den&hellip;\n","protected":false},"author":2,"featured_media":862681,"comment_status":"","ping_status":"","sticky":false,"template":"","format":"standard","meta":{"footnotes":"","_share_on_mastodon":"0"},"categories":[1846],"tags":[159659,680,772,3364,29,548,663,3934,30,13,3982,69407,1268,14,15,12,107646],"class_list":["post-862680","post","type-post","status-publish","format-standard","has-post-thumbnail","category-augsburg","tag-aichach-friedberg","tag-augsburg","tag-bayern","tag-de","tag-deutschland","tag-eu","tag-europa","tag-europe","tag-germany","tag-headlines","tag-kalter-krieg","tag-landkreis-aichach-friedberg","tag-muenchen","tag-nachrichten","tag-news","tag-schlagzeilen","tag-warntag"],"share_on_mastodon":{"url":"https:\/\/pubeurope.com\/@de\/116216137413994103","error":""},"_links":{"self":[{"href":"https:\/\/www.europesays.com\/de\/wp-json\/wp\/v2\/posts\/862680","targetHints":{"allow":["GET"]}}],"collection":[{"href":"https:\/\/www.europesays.com\/de\/wp-json\/wp\/v2\/posts"}],"about":[{"href":"https:\/\/www.europesays.com\/de\/wp-json\/wp\/v2\/types\/post"}],"author":[{"embeddable":true,"href":"https:\/\/www.europesays.com\/de\/wp-json\/wp\/v2\/users\/2"}],"replies":[{"embeddable":true,"href":"https:\/\/www.europesays.com\/de\/wp-json\/wp\/v2\/comments?post=862680"}],"version-history":[{"count":0,"href":"https:\/\/www.europesays.com\/de\/wp-json\/wp\/v2\/posts\/862680\/revisions"}],"wp:featuredmedia":[{"embeddable":true,"href":"https:\/\/www.europesays.com\/de\/wp-json\/wp\/v2\/media\/862681"}],"wp:attachment":[{"href":"https:\/\/www.europesays.com\/de\/wp-json\/wp\/v2\/media?parent=862680"}],"wp:term":[{"taxonomy":"category","embeddable":true,"href":"https:\/\/www.europesays.com\/de\/wp-json\/wp\/v2\/categories?post=862680"},{"taxonomy":"post_tag","embeddable":true,"href":"https:\/\/www.europesays.com\/de\/wp-json\/wp\/v2\/tags?post=862680"}],"curies":[{"name":"wp","href":"https:\/\/api.w.org\/{rel}","templated":true}]}}