{"id":863025,"date":"2026-03-12T15:25:20","date_gmt":"2026-03-12T15:25:20","guid":{"rendered":"https:\/\/www.europesays.com\/de\/863025\/"},"modified":"2026-03-12T15:25:20","modified_gmt":"2026-03-12T15:25:20","slug":"neue-ruestungsmesse-ausstellungsflaechen-zur-haelfte-reserviert","status":"publish","type":"post","link":"https:\/\/www.europesays.com\/de\/863025\/","title":{"rendered":"Neue R\u00fcstungsmesse: Ausstellungsfl\u00e4chen zur H\u00e4lfte reserviert"},"content":{"rendered":"<p>        <img decoding=\"async\" src=\"https:\/\/www.europesays.com\/de\/wp-content\/uploads\/2026\/03\/dsei-102.webp.webp\" alt=\"Besucher betrachten Waffen, die auf der Defence and Security Equipment International London ausgestellt sind.\" title=\"Besucher betrachten Waffen, die auf der Defence and Security Equipment International London ausgestellt sind. | picture alliance\/dpa\/PA Wire | Ben Whitley\" class=\"responsive\"\/><\/p>\n<p>\n                Stand: 12.03.2026 15:49 Uhr<\/p>\n<p class=\"preface\">Das Interesse an der neuen in Hannover geplanten Messe f\u00fcr milit\u00e4rische Produkte und Technologien ist offenbar gro\u00df: Rund 50 Prozent der geplanten Ausstellungsfl\u00e4chen sind gebucht oder reserviert.<\/p>\n<p class=\"\">Das teilte die Deutsche Messe AG als Ausrichter mit. Zu den Unternehmen, die ihre Teilnahme an der auf rund 100.000 Quadratmetern geplanten Messe angek\u00fcndigt haben, z\u00e4hlen demnach unter anderem die R\u00fcstungskonzerne <a href=\"https:\/\/www.ndr.de\/nachrichten\/niedersachsen\/rheinmetall-investiert-35-millionen-in-standort-unterluess,rheinmetall-314.html\" title=\"Rheinmetall investiert weitere 35 Millionen Euro in Unterl\u00fc\u00df\" rel=\"nofollow noopener\" target=\"_blank\">Rheinmetall<\/a>, Hensoldt und Diehl Defence. Die neue R\u00fcstungsmesse tr\u00e4gt den Namen <a href=\"https:\/\/www.ndr.de\/nachrichten\/niedersachsen\/braunschweig_harz_goettingen\/Hannover-wird-Standort-von-neuer-Ruestungsmesse,ruestungsmesse102.html\" title=\"Hannover wird Standort von neuer R\u00fcstungsmesse\" rel=\"nofollow noopener\" target=\"_blank\">Defence &amp; Security Equipment International<\/a> (DSEI) Germany und soll erstmals vom 9. bis 12. M\u00e4rz 2027 auf dem Messegel\u00e4nde in Hannover stattfinden. Danach ist die Messe im Zwei-Jahres-Rhythmus geplant. Eine Partner-Messe der DSEI Germany gibt es bereits in London. Diese findet ebenfalls alle zwei Jahre statt.<\/p>\n<p>    Austausch zwischen Politik und R\u00fcstungsindustrie geplant<\/p>\n<p class=\"\">Auf der DSEI in Hannover sollen Ausr\u00fcstung und Technologien f\u00fcr verschiedene Streitkr\u00e4fte gezeigt werden &#8211; darunter Luft- und Raumfahrt, Marine, Landstreitkr\u00e4fte sowie Cyber- und Informationssysteme. Zudem ist ein Austausch zwischen Politik, Milit\u00e4r und R\u00fcstungsindustrie geplant. Dabei soll es unter anderem um Zusammenarbeit und Investitionen in neue Verteidigungstechnologien gehen. Die Messe komme zu einem Zeitpunkt, &#8222;an dem Europa mehr Verantwortung f\u00fcr seine eigene Verteidigung \u00fcbernimmt&#8220;, sagte DSEI-Germany-Gesch\u00e4ftsf\u00fchrer Bernd K\u00f6gel.<\/p>\n<p>    R\u00fcstung auch bei anderer Messe Thema<\/p>\n<p class=\"\">Auch bei der Hannover Messe im April wird <a href=\"https:\/\/www.ndr.de\/nachrichten\/niedersachsen\/hannover-messe-ruestung-ist-dieses-jahr-erstmals-thema,messe-122.html\" title=\"Hannover Messe: R\u00fcstung ist dieses Jahr erstmals Thema\" rel=\"nofollow noopener\" target=\"_blank\">R\u00fcstung zum ersten Mal ein Thema<\/a> sein. Daf\u00fcr soll es in einer Halle einen speziellen Ausstellungsbereich geben.<\/p>\n<p>        <img decoding=\"async\" src=\"https:\/\/www.europesays.com\/de\/wp-content\/uploads\/2026\/02\/messe-124.webp.webp\" alt=\"Eine Fahne zur Hannover Messe weht im Licht der Sonne auf dem Messegel\u00e4nde.\" title=\"Eine Fahne zur Hannover Messe weht im Licht der Sonne auf dem Messegel\u00e4nde. | dpa, Moritz Frankenberg\" class=\"responsive\" loading=\"lazy\"\/><\/p>\n<p>In Halle 26 soll es einen speziellen Ausstellungsbereich geben: den Defense Production Park. Die Messe beginnt am 20. April.<\/p>\n<p>        <img decoding=\"async\" src=\"https:\/\/www.europesays.com\/de\/wp-content\/uploads\/2026\/03\/ruestungsmesse100.webp.webp\" alt=\"Die R\u00fcstungsmesse DSEI in London\" title=\"Die R\u00fcstungsmesse DSEI in London | DSEI\" class=\"responsive\" loading=\"lazy\"\/><\/p>\n<p>Die Veranstaltung soll zum Forum f\u00fcr internationale Verteidigungspolitik und Waffenhersteller werden. Start ist im Jahr 2027.<\/p>\n","protected":false},"excerpt":{"rendered":"Stand: 12.03.2026 15:49 Uhr Das Interesse an der neuen in Hannover geplanten Messe f\u00fcr milit\u00e4rische Produkte und Technologien&hellip;\n","protected":false},"author":2,"featured_media":863026,"comment_status":"","ping_status":"","sticky":false,"template":"","format":"standard","meta":{"footnotes":"","_share_on_mastodon":"0"},"categories":[1836],"tags":[104768,2076,2704,3364,191331,29,191330,30,46,20404,451,1411,740,5694,6392,3931,4961],"class_list":["post-863025","post","type-post","status-publish","format-standard","has-post-thumbnail","category-hannover","tag-diehl-defence","tag-ausstellung","tag-ausstellungen","tag-de","tag-defence-security-equipment-international","tag-deutschland","tag-dsei-germany","tag-germany","tag-hannover","tag-hightech","tag-militaer","tag-niedersachsen","tag-rheinmetall","tag-ruestung","tag-ruestungsmesse","tag-sicherheit","tag-verteidigung"],"share_on_mastodon":{"url":"https:\/\/pubeurope.com\/@de\/116216904459200561","error":""},"_links":{"self":[{"href":"https:\/\/www.europesays.com\/de\/wp-json\/wp\/v2\/posts\/863025","targetHints":{"allow":["GET"]}}],"collection":[{"href":"https:\/\/www.europesays.com\/de\/wp-json\/wp\/v2\/posts"}],"about":[{"href":"https:\/\/www.europesays.com\/de\/wp-json\/wp\/v2\/types\/post"}],"author":[{"embeddable":true,"href":"https:\/\/www.europesays.com\/de\/wp-json\/wp\/v2\/users\/2"}],"replies":[{"embeddable":true,"href":"https:\/\/www.europesays.com\/de\/wp-json\/wp\/v2\/comments?post=863025"}],"version-history":[{"count":0,"href":"https:\/\/www.europesays.com\/de\/wp-json\/wp\/v2\/posts\/863025\/revisions"}],"wp:featuredmedia":[{"embeddable":true,"href":"https:\/\/www.europesays.com\/de\/wp-json\/wp\/v2\/media\/863026"}],"wp:attachment":[{"href":"https:\/\/www.europesays.com\/de\/wp-json\/wp\/v2\/media?parent=863025"}],"wp:term":[{"taxonomy":"category","embeddable":true,"href":"https:\/\/www.europesays.com\/de\/wp-json\/wp\/v2\/categories?post=863025"},{"taxonomy":"post_tag","embeddable":true,"href":"https:\/\/www.europesays.com\/de\/wp-json\/wp\/v2\/tags?post=863025"}],"curies":[{"name":"wp","href":"https:\/\/api.w.org\/{rel}","templated":true}]}}