{"id":863236,"date":"2026-03-12T17:14:22","date_gmt":"2026-03-12T17:14:22","guid":{"rendered":"https:\/\/www.europesays.com\/de\/863236\/"},"modified":"2026-03-12T17:14:22","modified_gmt":"2026-03-12T17:14:22","slug":"alexander-prinz-warum-der-dunkle-parabelritter-funk-verlaesst","status":"publish","type":"post","link":"https:\/\/www.europesays.com\/de\/863236\/","title":{"rendered":"Alexander Prinz: Warum \u201eDer Dunkle Parabelritter\u201c Funk verl\u00e4sst"},"content":{"rendered":"<p>\t\t<img loading=\"lazy\" decoding=\"async\" src=\"https:\/\/www.europesays.com\/de\/wp-content\/uploads\/2026\/03\/f17b068f813643f5ad75ac78c1f8c92b.gif\" width=\"1\" height=\"1\" alt=\"\"\/><br \/>\n<img fetchpriority=\"high\" decoding=\"async\" width=\"1024\" height=\"576\" src=\"https:\/\/www.europesays.com\/de\/wp-content\/uploads\/2026\/03\/Alexander_Prinz-1024x576.jpg\" alt=\"YouTuber Alexander Prinz\" class=\"wp-image-115129\"  \/>YouTuber Alexander PrinzFoto: Ronny Goetter \/ Bearbeitung: Alexander Prinz<\/p>\n<p>Vor zwei Jahren wechselte Alexander Prinz mit seinem Kanal \u201eDer Dunkle Parabelritter\u201c zu Funk. F\u00fcr viele war das \u00fcberraschend. Der bis dahin eigenst\u00e4ndige YouTuber hatte zuvor immer wieder laut das Jugendangebot von ARD und ZDF <a target=\"_blank\" rel=\"noopener noreferrer nofollow\" href=\"https:\/\/www.youtube.com\/watch?v=W9iBS_9hP5I&amp;t=1s\">kritisiert<\/a>. Die Kooperation wirkte auch wie eine Antwort von Funk auf alte Vorw\u00fcrfe: zu ideologisch, zu sehr von gro\u00dfst\u00e4dtischen Perspektiven gepr\u00e4gt. Mit Prinz kam zudem eine markante Stimme aus Ostdeutschland ins Netzwerk.<\/p>\n<p>Fr\u00fcher produzierte Prinz seine Videos alleine, inzwischen hat er in Halle eine Produktionsfirma gegr\u00fcndet \u2013 mit einem Team, das ihn inhaltlich und technisch unterst\u00fctzt. Seine Videos tragen Titel wie \u201eAfD \u2013 Warum eigentlich nicht?\u201c und locken nach wie vor mit rei\u00dferischen Vorschaubildern. Dem \u201eSpiegel\u201c <a target=\"_blank\" rel=\"noopener noreferrer nofollow\" href=\"https:\/\/www.spiegel.de\/netzwelt\/web\/der-dunkle-parabelritter-so-sieht-er-sich-und-seine-rolle-im-netz-a-bda4b930-9785-4560-bc9f-e448211670be\">sagte<\/a> er vor zwei Jahren \u00fcber diese Strategie: \u201eIch m\u00f6chte Leute abholen, die f\u00fcr so etwas anf\u00e4llig sind, ja. Und diesen Leuten dann die M\u00f6glichkeit geben zu \u00fcberdenken, ob sie weiter so anf\u00e4llig daf\u00fcr sein wollen.\u201c\u00a0<\/p>\n<p><img loading=\"lazy\" decoding=\"async\" width=\"1000\" height=\"557\" src=\"https:\/\/www.europesays.com\/de\/wp-content\/uploads\/2026\/03\/Parabelritter_Thumbnails.jpg\" alt=\"Videos auf dem Kanal \u201eDer dunkle Parabelritter\u201c\" class=\"wp-image-115128\"  \/>Screenshot: YouTube \/ Der Dunkle Parabelritter<\/p>\n<p>Prinz steigt in seine Videos zwar oft provokativ, teils sogar polemisch ein. Wer jedoch dranbleibt, bekommt differenzierten, undogmatischen, gr\u00fcndlich recherchierten und zugleich meinungsstarken und unterhaltsamen Content. Ein gutes Beispiel daf\u00fcr ist sein Video \u00fcber <a target=\"_blank\" rel=\"noopener noreferrer nofollow\" href=\"https:\/\/www.youtube.com\/watch?v=WAGFsKovQl8\">Migration<\/a>.<\/p>\n<p>Vergangenen Sonntag hat Prinz in einer <a target=\"_blank\" rel=\"noopener noreferrer nofollow\" href=\"https:\/\/www.youtube.com\/watch?v=IPaBPK1Scuk&amp;t=114s\">\u201eAbrechnung\u201c<\/a> auf YouTube bekannt gegeben, dass er Funk wieder verlassen hat. Wir haben mit ihm \u00fcber das Ende der Zusammenarbeit gesprochen \u2013 und ihn gefragt, unter welchen Umst\u00e4nden er noch einmal zusagen w\u00fcrde und wie er k\u00fcnftig ein Publikum jenseits von Plattformlogiken und Algorithmen erreichen m\u00f6chte.<\/p>\n<p><strong>\u00dcbermedien: Funk und du habt nach zwei Jahren also \u201eschlussgemacht\u201c. In deinem neuesten Video wird nicht so richtig klar, von wem die Trennung ausging.<\/strong><\/p>\n<p>            Zur Person<\/p>\n<p><strong>Alexander Prinz, <\/strong>Jahrgang 1994, ist seit 13 Jahren YouTuber. Anfangs ver\u00f6ffentlichte er vor allem Videos \u00fcber Metal und Festivalkultur. Sp\u00e4ter verlagerte sich sein thematischer Schwerpunkt auf Politik und Gesellschaft. Sein Hauptkanal <a target=\"_blank\" rel=\"noopener noreferrer nofollow\" href=\"https:\/\/www.youtube.com\/@Parabelritter\">\u201eDer Dunkle Parabelritter\u201c<\/a> hat knapp 700.000 Abonnenten. Seinem <a target=\"_blank\" rel=\"noopener noreferrer nofollow\" href=\"https:\/\/www.youtube.com\/@AlexPrinz\">Zweitkanal \u201ePrinz\u201c&lt;\u2026<\/a><\/p>\n","protected":false},"excerpt":{"rendered":"YouTuber Alexander PrinzFoto: Ronny Goetter \/ Bearbeitung: Alexander Prinz Vor zwei Jahren wechselte Alexander Prinz mit seinem Kanal&hellip;\n","protected":false},"author":2,"featured_media":863237,"comment_status":"","ping_status":"","sticky":false,"template":"","format":"standard","meta":{"footnotes":"","_share_on_mastodon":"0"},"categories":[1776],"tags":[104016,223,191359,1801,191360,29,214,79245,30,81,191361,1802,191362,151,215,1506],"class_list":["post-863236","post","type-post","status-publish","format-standard","has-post-thumbnail","category-prominente","tag-alexander-prinz","tag-ard","tag-brave-maedchen","tag-celebrities","tag-der-dunkle-parabelritter","tag-deutschland","tag-entertainment","tag-funk","tag-germany","tag-mdr","tag-oeffentlich-rechtliche","tag-prominente","tag-steady","tag-tiktok","tag-unterhaltung","tag-youtube"],"share_on_mastodon":{"url":"https:\/\/pubeurope.com\/@de\/116217333044315815","error":""},"_links":{"self":[{"href":"https:\/\/www.europesays.com\/de\/wp-json\/wp\/v2\/posts\/863236","targetHints":{"allow":["GET"]}}],"collection":[{"href":"https:\/\/www.europesays.com\/de\/wp-json\/wp\/v2\/posts"}],"about":[{"href":"https:\/\/www.europesays.com\/de\/wp-json\/wp\/v2\/types\/post"}],"author":[{"embeddable":true,"href":"https:\/\/www.europesays.com\/de\/wp-json\/wp\/v2\/users\/2"}],"replies":[{"embeddable":true,"href":"https:\/\/www.europesays.com\/de\/wp-json\/wp\/v2\/comments?post=863236"}],"version-history":[{"count":0,"href":"https:\/\/www.europesays.com\/de\/wp-json\/wp\/v2\/posts\/863236\/revisions"}],"wp:featuredmedia":[{"embeddable":true,"href":"https:\/\/www.europesays.com\/de\/wp-json\/wp\/v2\/media\/863237"}],"wp:attachment":[{"href":"https:\/\/www.europesays.com\/de\/wp-json\/wp\/v2\/media?parent=863236"}],"wp:term":[{"taxonomy":"category","embeddable":true,"href":"https:\/\/www.europesays.com\/de\/wp-json\/wp\/v2\/categories?post=863236"},{"taxonomy":"post_tag","embeddable":true,"href":"https:\/\/www.europesays.com\/de\/wp-json\/wp\/v2\/tags?post=863236"}],"curies":[{"name":"wp","href":"https:\/\/api.w.org\/{rel}","templated":true}]}}