{"id":863242,"date":"2026-03-12T17:18:14","date_gmt":"2026-03-12T17:18:14","guid":{"rendered":"https:\/\/www.europesays.com\/de\/863242\/"},"modified":"2026-03-12T17:18:14","modified_gmt":"2026-03-12T17:18:14","slug":"ich-mache-mir-grosse-sorgen-um-britney-spears-bild-2","status":"publish","type":"post","link":"https:\/\/www.europesays.com\/de\/863242\/","title":{"rendered":"\u201eIch mache mir gro\u00dfe Sorgen um Britney Spears!\u201d &#8211; BILD"},"content":{"rendered":"<ol>\n<li><a href=\"https:\/\/news.google.com\/rss\/articles\/CBMi2wFBVV95cUxPeGQtSkhFVTNDcGMyNVJTZWE2b2J1WUtfekRtMDY1b3Y0XzZfT2w1dVdMYjgyUEVtelpxWVJzeE5RaHJDWkJmRUYxMUcwU3pTV3dYVzlyMy1lejJPbS1yclNMSGM3Uk05cjhOX08xVUtzUXJ4M0RmWFJ5b0o5NVZhVGlqNmhBZTJTb1FBOGQ0dkZWc2FMdzhlYVUyYzV2dUNfcVhIbDdVWGNBUWNNRkg3c0dFZks2UjFPeUpHT2J5OHZVR1FOVVF0TFc1YjVtUE5aQlZrcFRxbXV3Tkk?oc=5\" target=\"_blank\" rel=\"nofollow noopener\">\u201eIch mache mir gro\u00dfe Sorgen um Britney Spears!\u201d<\/a>&nbsp;&nbsp;BILD<\/li>\n<li><a href=\"https:\/\/news.google.com\/rss\/articles\/CBMitAFBVV95cUxNMkZna1dsbXZ0eGhZV2dsR0lPVk40eFdIRzVTVG5tbmhrVHE0VS1XbXNTOGZtS0FjYmg4N0J5RkthaUc5cjZKMGozUFQ5SWl4VlVuUEJXb1huZTlKX29HbmY2SEFqOFpNeUZpTWNWQzhSaUVCSkJiZHA1N25DVDV1X3RpNkVYVzlHdGJlMjRCRXNpRWw4eG9tRDNnUS1jVkpabnZrQkQ0RGItMU9ldDN4Tmctb2c?oc=5\" target=\"_blank\" rel=\"nofollow noopener\">Britney Spears festgenommen, doch es gibt kein Polizeifoto \u2013 S\u00e4ngerin hat Gl\u00fcck im Ungl\u00fcck<\/a>&nbsp;&nbsp;Watson.de<\/li>\n<li><a href=\"https:\/\/news.google.com\/rss\/articles\/CBMid0FVX3lxTE9lWHFRYm9mZE5WUVdPZ2MzeHVLTHlCX3ZtRVVyc3UxNXdwalJfQVU5MEY1WElmLVFRYVExdlNORHIyUHJXMjlzV3JFTzJycmlyeHZBWWo1MUFOekdqYTM2b2dja2poVFEwenAwYTVUVlhpUm5HOGJV?oc=5\" target=\"_blank\" rel=\"nofollow noopener\">Sorry, Gaffer, diesmal hat Britney Spears kein Foto f\u00fcr Euch!<\/a>&nbsp;&nbsp;Musikexpress<\/li>\n<li><a href=\"https:\/\/news.google.com\/rss\/articles\/CBMiqAFBVV95cUxNLWdSU3BfTk1qOHpWX3lKaDdmN1RhcnpGNjNQQml4M3FhYW1fRy1IemxrNmJhRlpGeEphUEM5TUxMbC1waWJGYTVXbGdIcHE0MW1wUEdfelZwRmQ1UlhIaVo3ZjAwdGpaUGZYa08tRnBlV1dnRElEbjdSUjV2QktWSVRKM3VlNHhqaUMyTGQ5RmhqenVvbGxCQmh0dXhsemNxdzNoRHhyV0E?oc=5\" target=\"_blank\" rel=\"nofollow noopener\">Nach Festnahme: Droht Britney Spears n\u00e4chste Vormundschaft?<\/a>&nbsp;&nbsp;Promiflash<\/li>\n<li><a href=\"https:\/\/news.google.com\/rss\/articles\/CBMiygFBVV95cUxNR25lX0NaRW9ZTFBqUEJOSXBuLXpKZTEwVFRzcVJnbUdQQ0IwQ2pUalRJMVdVSHpuTGV3ajNYT1BocVg2bDhtX3ltYloyWkdlTDNtaERtd3pJRzJkeWlPX293bVBTZ1ZtclNsLThYV2dtbFNsNF9EOXI4eHZVY3AxeUlxNnloaTAtZ3BhT191TDNtY3pEdWxGYUZkUnRHeFhERlpVLUVhcW1kel90OHlROFpHSEdGNmtqU0xnR1M2SS0wczNNdXdJZWZB?oc=5\" target=\"_blank\" rel=\"nofollow noopener\">Akte Britney Spears: Wegen dieser Vorf\u00e4lle muss die S\u00e4ngerin bald vor Gericht<\/a>&nbsp;&nbsp;STERN.de<\/li>\n<\/ol>\n","protected":false},"excerpt":{"rendered":"\u201eIch mache mir gro\u00dfe Sorgen um Britney Spears!\u201d&nbsp;&nbsp;BILD Britney Spears festgenommen, doch es gibt kein Polizeifoto \u2013 S\u00e4ngerin&hellip;\n","protected":false},"author":2,"featured_media":849283,"comment_status":"","ping_status":"","sticky":false,"template":"","format":"standard","meta":{"footnotes":"","_share_on_mastodon":"0"},"categories":[1772],"tags":[6789,29,433,214,30,683,1779,810,14364,65583,121334,215],"class_list":["post-863242","post","type-post","status-publish","format-standard","has-post-thumbnail","category-musik","tag-alkohol","tag-deutschland","tag-drogen","tag-entertainment","tag-germany","tag-hollywood","tag-music","tag-musik","tag-popstars-personen","tag-seo-optimierungen-ct","tag-spears-britney","tag-unterhaltung"],"share_on_mastodon":{"url":"https:\/\/pubeurope.com\/@de\/116217349235218004","error":""},"_links":{"self":[{"href":"https:\/\/www.europesays.com\/de\/wp-json\/wp\/v2\/posts\/863242","targetHints":{"allow":["GET"]}}],"collection":[{"href":"https:\/\/www.europesays.com\/de\/wp-json\/wp\/v2\/posts"}],"about":[{"href":"https:\/\/www.europesays.com\/de\/wp-json\/wp\/v2\/types\/post"}],"author":[{"embeddable":true,"href":"https:\/\/www.europesays.com\/de\/wp-json\/wp\/v2\/users\/2"}],"replies":[{"embeddable":true,"href":"https:\/\/www.europesays.com\/de\/wp-json\/wp\/v2\/comments?post=863242"}],"version-history":[{"count":0,"href":"https:\/\/www.europesays.com\/de\/wp-json\/wp\/v2\/posts\/863242\/revisions"}],"wp:featuredmedia":[{"embeddable":true,"href":"https:\/\/www.europesays.com\/de\/wp-json\/wp\/v2\/media\/849283"}],"wp:attachment":[{"href":"https:\/\/www.europesays.com\/de\/wp-json\/wp\/v2\/media?parent=863242"}],"wp:term":[{"taxonomy":"category","embeddable":true,"href":"https:\/\/www.europesays.com\/de\/wp-json\/wp\/v2\/categories?post=863242"},{"taxonomy":"post_tag","embeddable":true,"href":"https:\/\/www.europesays.com\/de\/wp-json\/wp\/v2\/tags?post=863242"}],"curies":[{"name":"wp","href":"https:\/\/api.w.org\/{rel}","templated":true}]}}