{"id":863249,"date":"2026-03-12T17:22:21","date_gmt":"2026-03-12T17:22:21","guid":{"rendered":"https:\/\/www.europesays.com\/de\/863249\/"},"modified":"2026-03-12T17:22:21","modified_gmt":"2026-03-12T17:22:21","slug":"meghan-markle-auf-gala-event-fuer-1-976-euro-gibts-ein-foto-mit-ihr-unterhaltung","status":"publish","type":"post","link":"https:\/\/www.europesays.com\/de\/863249\/","title":{"rendered":"Meghan Markle auf Gala-Event: F\u00fcr 1.976 Euro gibt\u2019s ein Foto mit ihr | Unterhaltung"},"content":{"rendered":"<p><a class=\"skip-content skip-content--link\" href=\"#in-content-skip-link-target-v-0-0\">TTS-Player \u00fcberspringen\u21b5<\/a><a id=\"in-content-skip-link-target-v-0-0\" class=\"skip-content--target-link-hidden skip-content skip-content--target-link\" href=\"#in-content-skip-link-target-v-0-0\">Artikel weiterlesen<\/a><\/p>\n<p>Sydney (Australien) \u2013 <b>Ihr Gutmenschentum l\u00e4sst Meghan sich ganz sch\u00f6n gut bezahlen \u2026  Wieder einmal machen Prinz Harry (41) und seine Meghan (44) mit skurrilen Nachrichten von sich reden. Das Paar plant im April nach Australien zu reisen. F\u00fcr Meghan steht dabei ein besonderes Event auf dem Plan: Sie will als Star-Gast an einem Frauen-Retreat teilnehmen. Wer ihr dort nah kommen m\u00f6chte, muss tief in die Tasche greifen: Fast 2000 Euro muss man f\u00fcr ein Foto mit Meghan blechen. <\/b><\/p>\n<p>Im April wollen Harry und Meghan sieben Jahre nach ihrer letzten Australien-Reise nach down under zur\u00fcckkehren, unter anderem Melbourne und Sydney besuchen. Auf dem Programm stehen private, gesch\u00e4ftliche und philanthropische Termine. <\/p>\n<p><img decoding=\"async\" width=\"992\" height=\"709\" alt=\"Ihren letzten Australien-Besuch absolvierten Meghan (damals 37) und Harry (damals 34), hier am Bondi Beach in Sydney, im Oktober 2018. Damals hatte das Paar gerade seine erste Schwangerschaft verk\u00fcndet und reiste noch als aktiver Teil der royalen Familie\" src=\"https:\/\/www.europesays.com\/de\/wp-content\/uploads\/2026\/03\/c20a66a4623fe4c529981edd356330b6,fef92883.jpeg\"   class=\"dynamic\" loading=\"lazy\"\/><\/p>\n<p class=\"fig__caption__text\">Ihren letzten Australien-Besuch absolvierten Meghan (damals 37) und Harry (damals 34), hier am Bondi Beach in Sydney, im Oktober 2018. Damals hatte das Paar gerade Meghans erste Schwangerschaft verk\u00fcndet und reiste noch als aktiver Teil der royalen Familie. 2020 stiegen sie als arbeitende Royals aus <\/p>\n<p>Foto: DAN HIMBRECHTS\/EPA-EFE\/REX<\/p>\n<p>\u201eEin M\u00e4dels-Wochenende wie kein anderes\u201c<\/p>\n<p>F\u00fcr das Team des Podcasts \u201eHer Best Life\u201c wird Meghan der Stargast eines Frauen-Workshops werden. Vom 17. bis 19. April soll das \u201eInterContinental Sydney Coogee Beach\u201c\u00a0ein Treffpunkt f\u00fcr Inspiration und Austausch werden. Drei Tage Netzwerken und Gespr\u00e4che. \u201eEin M\u00e4dels-Wochenende wie kein anderes\u201c, verspricht der Veranstalter auf dem Poster, auf dem Meghan abgebildet ist.<\/p>\n<p> An dieser Stelle findest du Inhalte aus Instagram <\/p>\n<p> Um mit Inhalten aus Instagram und anderen sozialen Netzwerken zu interagieren oder diese darzustellen, brauchen wir deine Zustimmung. <\/p>\n<p> soziale Netzwerke aktivieren  Um eingebettete Inhalte anzuzeigen, ist Ihre jederzeit widerrufliche Einwilligung (\u00fcber den Schalter oder \u00fcber &#8220; <a class=\"embed-placeholder__text-link\" href=\"#\" rel=\"noopener noreferrer\" title=\"Tracking widerrufen\"> Widerruf Tracking und Cookies<\/a> &#8220; am Seitenende) zur Verarbeitung personenbezogener Daten n\u00f6tig.  Dabei k\u00f6nnen Daten in Drittl\u00e4nder wie die USA \u00fcbermittelt werden (Art. 49 Abs. 1 lit. a DSGVO). Mit dem Aktivieren des Inhalts stimmen Sie zu. Weitere Infos finden Sie <a class=\"embed-placeholder__text-link\" href=\"#\" rel=\"noopener noreferrer\" title=\"Zu den Privatsph\u00e4re Einstellungen\"> hier<\/a>. Ein Treffen mit Meghan Markle kostet 1.976 Euro <\/p>\n<p>\u201eEs wird ein unvergessliches Wochenende f\u00fcr Frauen, die neue Kraft tanken, lachen, lernen und einfach Spa\u00df haben m\u00f6chten\u201c, k\u00fcndigen die Veranstalter auf <a href=\"https:\/\/www.instagram.com\/p\/DVtwMrSk0lC\/?img_index=3\" target=\"_blank\" rel=\"nofollow noopener\" class=\"text-link--external text-link\">Instagram<\/a> (58.000 Follower) an. Die Pl\u00e4tze sind auf 300 begrenzt, H\u00f6hepunkte sind ein intimes Galadinner und eine Gespr\u00e4chsrunde, an dem Meghan pers\u00f6nlich teilnehmen wird. Wer ihr besonders nah sein will, muss zahlen.<\/p>\n<p>Zwei Ticket-Modelle stehen zur Wahl. Das \u201eEarly Bird Ticket\u201c kostet 2.699 australische Dollar (1.667 Euro) pro Person \u2013 mit Zugang zum gesamten Wochenendprogramm. Wer mehr will, zahlt 3.199 Dollar (1.976 Euro) und erh\u00e4lt einen Sitzplatz in der ersten Reihe des Galadinners, ein Gruppenfoto mit Meghan, ein Hotelzimmer mit Meerblick und eine Goodie-Bag. <\/p>\n<p><img decoding=\"async\" width=\"992\" height=\"635\" alt=\"Zimmer mit Meerblick! Diesen Blick im Hotel \u201eInterContinental Sydney Coogee Beach\u201c d\u00fcrfen die G\u00e4ste des Retreats f\u00fcr einen happigen Aufpreis genie\u00dfen\" src=\"https:\/\/www.europesays.com\/de\/wp-content\/uploads\/2026\/03\/46ae8cc88c4eb27c787ceb31ab2e7761,ad166e59.jpeg\"   class=\"dynamic\" loading=\"lazy\"\/><\/p>\n<p class=\"fig__caption__text\">Zimmer mit Meerblick! Diesen Blick im Hotel \u201eInterContinental Sydney Coogee Beach\u201c d\u00fcrfen die G\u00e4ste des Retreats f\u00fcr einen happigen Aufpreis genie\u00dfen <\/p>\n<p>Foto: InterContinental Sydney Coogee Beach<\/p>\n<p><img decoding=\"async\" width=\"992\" height=\"369\" alt=\"Hell, freundlich, stylish. In diesem Ambiente soll das Frauen-Retreat vom 17. bis 19. April stattfinden\" src=\"https:\/\/www.europesays.com\/de\/wp-content\/uploads\/2026\/03\/89fa8dd3172e73b8eccafd8da1afa351,196a8ae0.jpeg\"   class=\"dynamic\" loading=\"lazy\"\/><\/p>\n<p class=\"fig__caption__text\">Hell, freundlich, stylish. In diesem Ambiente soll das Frauen-Retreat vom 17. bis 19. April stattfinden  <\/p>\n<p>Foto: shutterscoogee.com<\/p>\n<p>Ein Freund von Meghan stellte Kontakt zum Retreat her <\/p>\n<p>Hinter der Zusammenarbeit mit dem Podcast steckt Meghans langj\u00e4hrige Freundschaft zu  Markus Anderson (44), wie Host Gemma O&#8217;Neill in der aktuellen Podcast-Folge von \u201eHer Best Life\u201c erkl\u00e4rt. Der Berater der \u201eSoho-House\u201c-Kette sei ein enger Vertrauter Meghans und habe die Kooperation bereits Ende 2025 einget\u00fctet. <\/p>\n<p><img decoding=\"async\" width=\"992\" height=\"1481\" alt=\"Meghan (damals 34) mit ihrem langj\u00e4hrigen Freund Markus Anderson (34) im Juni 2016 in Toronto. Beide lernten sich dort 2011 kennen, w\u00e4hrend Meghan \u201eSuits\u201c drehte. Anderson ist Berater der \u201eSoho House\u201c-Gruppe und wurde zu einem engen Freund\" src=\"https:\/\/www.europesays.com\/de\/wp-content\/uploads\/2026\/03\/a3651da84041c3dc2f92aa54ae96d7ae,12574365.jpeg\"   class=\"dynamic\" loading=\"lazy\"\/><\/p>\n<p class=\"fig__caption__text\">Meghan (damals 34) mit Markus Anderson (34) im Juni 2016 in Toronto. Beide lernten sich 2011 kennen, w\u00e4hrend Meghan noch \u201eSuits\u201c drehte. Anderson ist Berater der \u201eSoho House\u201c-Gruppe<\/p>\n<p>Foto: WireImage<\/p>\n<p>Mehr zum Thema<\/p>\n<p>O&#8217;Neill schw\u00e4rmte, wie sehr sie Meghans Resilienz bewundere und betonte, Meghan wolle die Community des Podcasts unterst\u00fctzen. Der Podcast verspricht: \u201eWenn du dir jemals ein Wochenende gew\u00fcnscht hast, das dich so richtig auftankt und dir vor Augen f\u00fchrt, wie stark Frauen gemeinsam sind \u2026 dann ist es genau das Richtige.\u201c <\/p>\n<p><script async src=\"\/\/www.instagram.com\/embed.js\"><\/script><\/p>\n","protected":false},"excerpt":{"rendered":"TTS-Player \u00fcberspringen\u21b5Artikel weiterlesen Sydney (Australien) \u2013 Ihr Gutmenschentum l\u00e4sst Meghan sich ganz sch\u00f6n gut bezahlen \u2026 Wieder einmal&hellip;\n","protected":false},"author":2,"featured_media":863250,"comment_status":"","ping_status":"","sticky":false,"template":"","format":"standard","meta":{"footnotes":"","_share_on_mastodon":"0"},"categories":[155],"tags":[1912,29,6300,214,1885,30,4858,567,120795,138370,45,215],"class_list":["post-863249","post","type-post","status-publish","format-standard","has-post-thumbnail","category-unterhaltung","tag-australien","tag-deutschland","tag-englische-royals","tag-entertainment","tag-fotografie","tag-germany","tag-herzogin-von-sussex-meghan","tag-prinz-harry","tag-sydney","tag-team-first","tag-texttospeech","tag-unterhaltung"],"share_on_mastodon":{"url":"https:\/\/pubeurope.com\/@de\/116217364856378260","error":""},"_links":{"self":[{"href":"https:\/\/www.europesays.com\/de\/wp-json\/wp\/v2\/posts\/863249","targetHints":{"allow":["GET"]}}],"collection":[{"href":"https:\/\/www.europesays.com\/de\/wp-json\/wp\/v2\/posts"}],"about":[{"href":"https:\/\/www.europesays.com\/de\/wp-json\/wp\/v2\/types\/post"}],"author":[{"embeddable":true,"href":"https:\/\/www.europesays.com\/de\/wp-json\/wp\/v2\/users\/2"}],"replies":[{"embeddable":true,"href":"https:\/\/www.europesays.com\/de\/wp-json\/wp\/v2\/comments?post=863249"}],"version-history":[{"count":0,"href":"https:\/\/www.europesays.com\/de\/wp-json\/wp\/v2\/posts\/863249\/revisions"}],"wp:featuredmedia":[{"embeddable":true,"href":"https:\/\/www.europesays.com\/de\/wp-json\/wp\/v2\/media\/863250"}],"wp:attachment":[{"href":"https:\/\/www.europesays.com\/de\/wp-json\/wp\/v2\/media?parent=863249"}],"wp:term":[{"taxonomy":"category","embeddable":true,"href":"https:\/\/www.europesays.com\/de\/wp-json\/wp\/v2\/categories?post=863249"},{"taxonomy":"post_tag","embeddable":true,"href":"https:\/\/www.europesays.com\/de\/wp-json\/wp\/v2\/tags?post=863249"}],"curies":[{"name":"wp","href":"https:\/\/api.w.org\/{rel}","templated":true}]}}