{"id":863354,"date":"2026-03-12T18:18:14","date_gmt":"2026-03-12T18:18:14","guid":{"rendered":"https:\/\/www.europesays.com\/de\/863354\/"},"modified":"2026-03-12T18:18:14","modified_gmt":"2026-03-12T18:18:14","slug":"lesen-fuer-bier-in-stuttgart-neue-eventreihe-begeistert-das-steckt-dahinter-nachrichten-aus-stuttgart","status":"publish","type":"post","link":"https:\/\/www.europesays.com\/de\/863354\/","title":{"rendered":"\u201eLesen f\u00fcr Bier\u201c in Stuttgart: Neue Eventreihe begeistert \u2013 das steckt dahinter &#8211; Nachrichten aus Stuttgart"},"content":{"rendered":"<p><strong>Stuttgart.<\/strong> Literatur einmal anders erleben: Mit der Eventreihe \u201eLesen f\u00fcr Bier \u2013 Stuttgart Edition\u201c haben Studierende der Hochschule Reutlingen aus dem Studiengang Human-Centered Computing ein interaktives Kulturformat f\u00fcr junge Erwachsene organisiert. Ziel des Projekts war es, Literatur wieder niedrigschwellig zug\u00e4nglich zu machen und gleichzeitig eine B\u00fchne f\u00fcr eigene Texte und kreative Interpretationen zu schaffen. Wir erkl\u00e4ren, was hinter der neuen Eventreihe in<\/p>\n","protected":false},"excerpt":{"rendered":"Stuttgart. Literatur einmal anders erleben: Mit der Eventreihe \u201eLesen f\u00fcr Bier \u2013 Stuttgart Edition\u201c haben Studierende der Hochschule&hellip;\n","protected":false},"author":2,"featured_media":863355,"comment_status":"","ping_status":"","sticky":false,"template":"","format":"standard","meta":{"footnotes":"","_share_on_mastodon":"0"},"categories":[1830],"tags":[3802,10848,1634,2326,6623,3364,29,4115,30,80,12309,93,1441,191372,8674,190824,63752],"class_list":["post-863354","post","type-post","status-publish","format-standard","has-post-thumbnail","category-stuttgart","tag-studenten","tag-aud_gastro","tag-baden-wuerttemberg","tag-bier","tag-campus","tag-de","tag-deutschland","tag-event","tag-germany","tag-kultur","tag-kulturforum","tag-literatur","tag-stuttgart","tag-stuttgart-region","tag-stuttgart-vaihingen","tag-un_kein-userneed","tag-vaihingen"],"share_on_mastodon":{"url":"https:\/\/pubeurope.com\/@de\/116217584457871406","error":""},"_links":{"self":[{"href":"https:\/\/www.europesays.com\/de\/wp-json\/wp\/v2\/posts\/863354","targetHints":{"allow":["GET"]}}],"collection":[{"href":"https:\/\/www.europesays.com\/de\/wp-json\/wp\/v2\/posts"}],"about":[{"href":"https:\/\/www.europesays.com\/de\/wp-json\/wp\/v2\/types\/post"}],"author":[{"embeddable":true,"href":"https:\/\/www.europesays.com\/de\/wp-json\/wp\/v2\/users\/2"}],"replies":[{"embeddable":true,"href":"https:\/\/www.europesays.com\/de\/wp-json\/wp\/v2\/comments?post=863354"}],"version-history":[{"count":0,"href":"https:\/\/www.europesays.com\/de\/wp-json\/wp\/v2\/posts\/863354\/revisions"}],"wp:featuredmedia":[{"embeddable":true,"href":"https:\/\/www.europesays.com\/de\/wp-json\/wp\/v2\/media\/863355"}],"wp:attachment":[{"href":"https:\/\/www.europesays.com\/de\/wp-json\/wp\/v2\/media?parent=863354"}],"wp:term":[{"taxonomy":"category","embeddable":true,"href":"https:\/\/www.europesays.com\/de\/wp-json\/wp\/v2\/categories?post=863354"},{"taxonomy":"post_tag","embeddable":true,"href":"https:\/\/www.europesays.com\/de\/wp-json\/wp\/v2\/tags?post=863354"}],"curies":[{"name":"wp","href":"https:\/\/api.w.org\/{rel}","templated":true}]}}