{"id":863364,"date":"2026-03-12T18:23:16","date_gmt":"2026-03-12T18:23:16","guid":{"rendered":"https:\/\/www.europesays.com\/de\/863364\/"},"modified":"2026-03-12T18:23:16","modified_gmt":"2026-03-12T18:23:16","slug":"das-bundesliga-duell-im-liveticker-auf-shz-de","status":"publish","type":"post","link":"https:\/\/www.europesays.com\/de\/863364\/","title":{"rendered":"Das Bundesliga-Duell im Liveticker auf shz.de"},"content":{"rendered":"<p class=\"\">\n                    Der HSV, aktuell Tabellenzehnter, beklagt den erneuten Ausfall von Poulsen, der aufgrund einer Oberschenkelverletzung mehrere Wochen fehlen wird. Neben dem erfahrenen D\u00e4nen muss Trainer Merlin Polzin zudem auf Bakery Jatta und Alexander R\u00f6ssing-Lelesiit verzichten.\n            <\/p>\n<p class=\"\">\n                    Ein Hoffnungsschimmer ist hingegen die R\u00fcckkehr der d\u00e4nischen Winter-Leihgabe Albert Gr\u00f6nbaek in das Mannschaftstraining\n            <\/p>\n<p class=\"\">Lesen Sie auch: <a href=\"https:\/\/www.shz.de\/sport\/fussball\/artikel\/hsv-schon-wieder-mehrere-wochen-ohne-kapitaen-poulsen-50156046\" class=\"link underline-blue\" title=\"\" target=\"_self\" rel=\"nofollow noopener\">Dauerausfall Poulsen: Schon wieder fehlt der D\u00e4ne mehrere Wochen verletzt.<\/a><\/p>\n<p>            K\u00f6ln gegen HSV unter Druck: Kwasniok-Elf zum Punkten verdonnert<\/p>\n<p class=\"\">\n                    Besonders im Fokus steht Angreifer Damion Downs: Der 21-J\u00e4hrige trifft auf seinen Ex-Klub und hofft am Wochenende auf seinen ersten Treffer f\u00fcr die Hamburger. Die K\u00f6lner unter Trainer Lukas Kwasniok reisen als Tabellenvierzehnte mit einer Bilanz von vier Niederlagen aus den letzten f\u00fcnf Partien an und sind im Kampf um den Klassenerhalt dringend auf Punkte angewiesen.\n            <\/p>\n<p class=\"\">\n                    W\u00e4hrend die Hanseaten Revanche f\u00fcr die deutliche Hinspielniederlage suchen, stehen die G\u00e4ste aus K\u00f6ln also nach einer Negativserie unter erheblichem Druck. Wie es am Samstag ausgeht, erfahren Sie im Liveticker auf shz.de. Los geht es um 18.30 Uhr.\n            <\/p>\n<p>            Zum Liveticker: HSV gegen 1. FC K\u00f6ln<\/p>\n","protected":false},"excerpt":{"rendered":"Der HSV, aktuell Tabellenzehnter, beklagt den erneuten Ausfall von Poulsen, der aufgrund einer Oberschenkelverletzung mehrere Wochen fehlen wird.&hellip;\n","protected":false},"author":2,"featured_media":863365,"comment_status":"","ping_status":"","sticky":false,"template":"","format":"standard","meta":{"footnotes":"","_share_on_mastodon":"0"},"categories":[1828],"tags":[623,621,13086,26994,26996,29,3405,347,30,29738,3150,5075,147389,1420,110463,1209,5843,25858],"class_list":["post-863364","post","type-post","status-publish","format-standard","has-post-thumbnail","category-koeln","tag-1-fc-koeln","tag-2-bundesliga","tag-2-liga","tag-data_entplusst","tag-deutsche-meisterschaften","tag-deutschland","tag-duesseldorf","tag-fussball","tag-germany","tag-hamburger-sportverein-hsv","tag-hamburger-sv","tag-hsv","tag-jatta","tag-koeln","tag-lokalsportsued","tag-nordrhein-westfalen","tag-trainer","tag-vereinswechsel"],"share_on_mastodon":{"url":"https:\/\/pubeurope.com\/@de\/116217604154522370","error":""},"_links":{"self":[{"href":"https:\/\/www.europesays.com\/de\/wp-json\/wp\/v2\/posts\/863364","targetHints":{"allow":["GET"]}}],"collection":[{"href":"https:\/\/www.europesays.com\/de\/wp-json\/wp\/v2\/posts"}],"about":[{"href":"https:\/\/www.europesays.com\/de\/wp-json\/wp\/v2\/types\/post"}],"author":[{"embeddable":true,"href":"https:\/\/www.europesays.com\/de\/wp-json\/wp\/v2\/users\/2"}],"replies":[{"embeddable":true,"href":"https:\/\/www.europesays.com\/de\/wp-json\/wp\/v2\/comments?post=863364"}],"version-history":[{"count":0,"href":"https:\/\/www.europesays.com\/de\/wp-json\/wp\/v2\/posts\/863364\/revisions"}],"wp:featuredmedia":[{"embeddable":true,"href":"https:\/\/www.europesays.com\/de\/wp-json\/wp\/v2\/media\/863365"}],"wp:attachment":[{"href":"https:\/\/www.europesays.com\/de\/wp-json\/wp\/v2\/media?parent=863364"}],"wp:term":[{"taxonomy":"category","embeddable":true,"href":"https:\/\/www.europesays.com\/de\/wp-json\/wp\/v2\/categories?post=863364"},{"taxonomy":"post_tag","embeddable":true,"href":"https:\/\/www.europesays.com\/de\/wp-json\/wp\/v2\/tags?post=863364"}],"curies":[{"name":"wp","href":"https:\/\/api.w.org\/{rel}","templated":true}]}}