{"id":863551,"date":"2026-03-12T20:08:15","date_gmt":"2026-03-12T20:08:15","guid":{"rendered":"https:\/\/www.europesays.com\/de\/863551\/"},"modified":"2026-03-12T20:08:15","modified_gmt":"2026-03-12T20:08:15","slug":"gericht-kippt-sonntags-shopping-an-der-ostsee-84-gemeinden-betroffen-regional","status":"publish","type":"post","link":"https:\/\/www.europesays.com\/de\/863551\/","title":{"rendered":"Gericht kippt Sonntags-Shopping an der Ostsee: 84 Gemeinden betroffen | Regional"},"content":{"rendered":"<p><a class=\"skip-content skip-content--link\" href=\"#in-content-skip-link-target-v-0-0\">TTS-Player \u00fcberspringen\u21b5<\/a><a id=\"in-content-skip-link-target-v-0-0\" class=\"skip-content--target-link-hidden skip-content skip-content--target-link\" href=\"#in-content-skip-link-target-v-0-0\">Artikel weiterlesen<\/a><\/p>\n<p>Schwerin \u2013 <b>Erst klang alles nach Einkaufs-Euphorie, jetzt folgt der juristische D\u00e4mpfer: Die Sonntags\u00f6ffnungen in Mecklenburg-Vorpommern sind rechtswidrig. Ab dem 15. M\u00e4rz sollten zahlreiche Gesch\u00e4fte in den Urlaubshochburgen wieder an Sonn- und Feiertagen \u00f6ffnen. Doch kurz vor dem Start zog ein Gericht die Rei\u00dfleine.<\/b><\/p>\n<p>Touristen an der <a href=\"https:\/\/www.bild.de\/regional\/ostsee\/home-O1xq8oqQGpREURRHzcKl\" class=\"text-link\" rel=\"nofollow noopener\" target=\"_blank\">Ostsee<\/a> w\u00e4hnten sich schon im Shopping-Gl\u00fcck. Grundlage war die Anfang 2025 eingef\u00fchrte B\u00e4der-Verordnung, die ab dieser Woche wieder greifen sollte. Jetzt erkl\u00e4rte jedoch das Oberverwaltungsgericht (OVG) Greifswald die geltenden \u00d6ffnungsregeln f\u00fcr Sonntage und <a href=\"https:\/\/www.bild.de\/lifestyle\/feste-feiertage\/feiertage\/thema-feiertage-alle-infos-80408720.bild.html\" class=\"text-link\" rel=\"nofollow noopener\" target=\"_blank\">Feiertage<\/a> in touristischen Orten f\u00fcr unwirksam. <\/p>\n<p>Laden\u00f6ffnungszeiten laut Gericht rechtswidrig<\/p>\n<p>Die Richter begr\u00fcnden ihre Entscheidung klar: Die zeitlichen Vorgaben, die Auswahl der Orte und auch das erlaubte Warenangebot gingen zu weit. Die <a href=\"https:\/\/www.bild.de\/news\/inland\/neue-oeffnungszeiten-an-ostsee-und-nordsee-regelung-greift-in-kuerze-69aea0fa10f264d5597790ed\" class=\"text-link\" rel=\"nofollow noopener\" target=\"_blank\">Verordnung zu den neuen Laden\u00f6ffnungszeiten<\/a> sehe zu viele Ausnahmen vom verfassungsrechtlichen Sonntagsschutz vor, sagte der Vorsitzende Richter Martin Redeker. <\/p>\n<p><img decoding=\"async\" width=\"992\" height=\"558\" alt=\"Die B\u00e4derregelung in Mecklenburg-Vorpommern, die \u00d6ffnungen sonntags erm\u00f6glichte, ist rechtswidrig\" src=\"https:\/\/www.europesays.com\/de\/wp-content\/uploads\/2026\/03\/d7fa53510160e1a72a293630f29a2434,b518827b.jpeg\"   class=\"dynamic\" loading=\"lazy\"\/><\/p>\n<p class=\"fig__caption__text\">\u00d6ffnungszeiten sollten unter bestimmten Bedingungen auch am Sonntag genehmigt sein<\/p>\n<p>Foto: dpa<\/p>\n<p>84 Gemeinden in Mecklenburg-Vorpommern betroffen<\/p>\n<p>In Mecklenburg-Vorpommern waren 84 Gemeinden betroffen, darunter die Inseln Usedom und R\u00fcgen sowie die Badeorte Boltenhagen, K\u00fchlungsborn und Warnem\u00fcnde. Gesch\u00e4fte sollten zwischen dem 15. M\u00e4rz und 31. Oktober sowie vom 17. Dezember bis 8. Januar \u00f6ffnen d\u00fcrfen: jeweils f\u00fcr sechs Stunden innerhalb des Zeitfensters von 11 bis 19 Uhr.<\/p>\n<p>In den betroffenen Orten d\u00fcrfen die Gesch\u00e4fte vorerst weiterhin sonntags \u00f6ffnen, da der <a href=\"https:\/\/www.bild.de\/themen\/ereignisse\/gerichtliche-entscheidung\/news-fotos-videos-17024538.bild.html\" class=\"text-link\" rel=\"nofollow noopener\" target=\"_blank\">Gerichtsbeschluss<\/a> des OVG noch nicht rechtskr\u00e4ftig ist. Die Landesregierung kann dagegen beim Bundesverwaltungsgericht Beschwerde einlegen.<\/p>\n<p>So kam es zu der Gerichtsentscheidung<\/p>\n<p>Die <a href=\"https:\/\/www.bild.de\/themen\/organisationen\/gewerkschaften\/news-fotos-videos-17019842.bild.html\" class=\"text-link\" rel=\"nofollow noopener\" target=\"_blank\">Gewerkschaft<\/a> Verdi hatte die \u00d6ffnungszeiten wegen der dadurch erforderlichen Sonntagsarbeit kritisiert und war gerichtlich dagegen vorgegangen. Sie bezweifelt, dass tats\u00e4chlich zus\u00e4tzliche Ums\u00e4tze erzielt werden. Eine Untersuchung der Zahlen habe noch gar nicht stattgefunden, so Verdi-Fachbereichsleiter Bert Stach. <\/p>\n<p>Mehr zum Thema<\/p>\n<p>Die Entscheidung in <a href=\"https:\/\/www.bild.de\/regional\/mecklenburg-vorpommern\/mecklenburg-vorpommern\/home-62716054.bild.html\" class=\"text-link\" rel=\"nofollow noopener\" target=\"_blank\">Mecklenburg-Vorpommern<\/a> k\u00f6nnte auch Auswirkungen auf Schleswig-Holstein haben. Dort hatte Verdi die B\u00e4derregelung bislang nur als Versuch akzeptiert. Dort sollten insgesamt 95 St\u00e4dte und Gemeinden die Laden\u00f6ffnungszeiten nutzen k\u00f6nnen, sofern sie das m\u00f6chten.<\/p>\n","protected":false},"excerpt":{"rendered":"TTS-Player \u00fcberspringen\u21b5Artikel weiterlesen Schwerin \u2013 Erst klang alles nach Einkaufs-Euphorie, jetzt folgt der juristische D\u00e4mpfer: Die Sonntags\u00f6ffnungen in&hellip;\n","protected":false},"author":2,"featured_media":863552,"comment_status":"","ping_status":"","sticky":false,"template":"","format":"standard","meta":{"footnotes":"","_share_on_mastodon":"0"},"categories":[2],"tags":[29,1072,42486,30,13,7293,3768,55826,1351,14,15,2852,191410,7221,12,1971,185455,138370,45,10,8,9,11,1163],"class_list":["post-863551","post","type-post","status-publish","format-standard","has-post-thumbnail","category-deutschland","tag-deutschland","tag-einzelhandel","tag-feiertage-deutschland","tag-germany","tag-headlines","tag-inseln","tag-kaufen","tag-ladenschlussgesetz","tag-mecklenburg-vorpommern","tag-nachrichten","tag-news","tag-ostsee","tag-ostsee-regional","tag-ostseeinseln","tag-schlagzeilen","tag-schleswig-holstein","tag-seo-first","tag-team-first","tag-texttospeech","tag-top-news","tag-top-meldungen","tag-topmeldungen","tag-topnews","tag-tourismus"],"share_on_mastodon":{"url":"https:\/\/pubeurope.com\/@de\/116218017012597237","error":""},"_links":{"self":[{"href":"https:\/\/www.europesays.com\/de\/wp-json\/wp\/v2\/posts\/863551","targetHints":{"allow":["GET"]}}],"collection":[{"href":"https:\/\/www.europesays.com\/de\/wp-json\/wp\/v2\/posts"}],"about":[{"href":"https:\/\/www.europesays.com\/de\/wp-json\/wp\/v2\/types\/post"}],"author":[{"embeddable":true,"href":"https:\/\/www.europesays.com\/de\/wp-json\/wp\/v2\/users\/2"}],"replies":[{"embeddable":true,"href":"https:\/\/www.europesays.com\/de\/wp-json\/wp\/v2\/comments?post=863551"}],"version-history":[{"count":0,"href":"https:\/\/www.europesays.com\/de\/wp-json\/wp\/v2\/posts\/863551\/revisions"}],"wp:featuredmedia":[{"embeddable":true,"href":"https:\/\/www.europesays.com\/de\/wp-json\/wp\/v2\/media\/863552"}],"wp:attachment":[{"href":"https:\/\/www.europesays.com\/de\/wp-json\/wp\/v2\/media?parent=863551"}],"wp:term":[{"taxonomy":"category","embeddable":true,"href":"https:\/\/www.europesays.com\/de\/wp-json\/wp\/v2\/categories?post=863551"},{"taxonomy":"post_tag","embeddable":true,"href":"https:\/\/www.europesays.com\/de\/wp-json\/wp\/v2\/tags?post=863551"}],"curies":[{"name":"wp","href":"https:\/\/api.w.org\/{rel}","templated":true}]}}