{"id":863863,"date":"2026-03-12T22:55:18","date_gmt":"2026-03-12T22:55:18","guid":{"rendered":"https:\/\/www.europesays.com\/de\/863863\/"},"modified":"2026-03-12T22:55:18","modified_gmt":"2026-03-12T22:55:18","slug":"prozess-um-drogenhandel-in-moenchengladbach-freispruch-nach-65-minuten","status":"publish","type":"post","link":"https:\/\/www.europesays.com\/de\/863863\/","title":{"rendered":"Prozess um Drogenhandel in M\u00f6nchengladbach: Freispruch nach 65 Minuten"},"content":{"rendered":"<p class=\"text_ohne_einzug richtext text-em-55 !leading-serif mx-6 desktop:mx-0\"> Die zwei niederl\u00e4ndischen Angeklagten, beide aus Venlo, waren wegen bandenm\u00e4\u00dfigen Handeltreibens mit Bet\u00e4ubungsmitteln in nicht geringer Menge angeklagt. Sie mussten sich am Donnerstag vor der Zweiten Gro\u00dfen Strafkammer verantworten. Die Verhandlung dauerte lediglich 65 Minuten. Sie endete mit einem Freispruch f\u00fcr die 37 und 40 Jahre alten Angeklagten. Der Grund: Das Gericht konnte ihnen die zur Last gelegten Taten nicht nachweisen.<\/p>\n","protected":false},"excerpt":{"rendered":"Die zwei niederl\u00e4ndischen Angeklagten, beide aus Venlo, waren wegen bandenm\u00e4\u00dfigen Handeltreibens mit Bet\u00e4ubungsmitteln in nicht geringer Menge angeklagt.&hellip;\n","protected":false},"author":2,"featured_media":863864,"comment_status":"","ping_status":"","sticky":false,"template":"","format":"standard","meta":{"footnotes":"","_share_on_mastodon":"0"},"categories":[1849],"tags":[10831,6979,3364,29,548,663,3934,13272,30,14337,13,4455,14,15,1209,58443,1269,3238,30404,12,61472,147948,78170,84556],"class_list":["post-863863","post","type-post","status-publish","format-standard","has-post-thumbnail","category-moenchengladbach","tag-angeklagt","tag-cannabisplantagen","tag-de","tag-deutschland","tag-eu","tag-europa","tag-europe","tag-freispruch","tag-germany","tag-gladbach","tag-headlines","tag-moenchengladbach","tag-nachrichten","tag-news","tag-nordrhein-westfalen","tag-plantagen","tag-prozess","tag-prozessauftakt","tag-richterin","tag-schlagzeilen","tag-verfahrens","tag-vorgeworfen","tag-zeuge","tag-zeugin"],"share_on_mastodon":{"url":"https:\/\/pubeurope.com\/@de\/116218673716624653","error":""},"_links":{"self":[{"href":"https:\/\/www.europesays.com\/de\/wp-json\/wp\/v2\/posts\/863863","targetHints":{"allow":["GET"]}}],"collection":[{"href":"https:\/\/www.europesays.com\/de\/wp-json\/wp\/v2\/posts"}],"about":[{"href":"https:\/\/www.europesays.com\/de\/wp-json\/wp\/v2\/types\/post"}],"author":[{"embeddable":true,"href":"https:\/\/www.europesays.com\/de\/wp-json\/wp\/v2\/users\/2"}],"replies":[{"embeddable":true,"href":"https:\/\/www.europesays.com\/de\/wp-json\/wp\/v2\/comments?post=863863"}],"version-history":[{"count":0,"href":"https:\/\/www.europesays.com\/de\/wp-json\/wp\/v2\/posts\/863863\/revisions"}],"wp:featuredmedia":[{"embeddable":true,"href":"https:\/\/www.europesays.com\/de\/wp-json\/wp\/v2\/media\/863864"}],"wp:attachment":[{"href":"https:\/\/www.europesays.com\/de\/wp-json\/wp\/v2\/media?parent=863863"}],"wp:term":[{"taxonomy":"category","embeddable":true,"href":"https:\/\/www.europesays.com\/de\/wp-json\/wp\/v2\/categories?post=863863"},{"taxonomy":"post_tag","embeddable":true,"href":"https:\/\/www.europesays.com\/de\/wp-json\/wp\/v2\/tags?post=863863"}],"curies":[{"name":"wp","href":"https:\/\/api.w.org\/{rel}","templated":true}]}}