{"id":863955,"date":"2026-03-12T23:45:20","date_gmt":"2026-03-12T23:45:20","guid":{"rendered":"https:\/\/www.europesays.com\/de\/863955\/"},"modified":"2026-03-12T23:45:20","modified_gmt":"2026-03-12T23:45:20","slug":"koeln-will-kaufoption-bei-chavez-ziehen","status":"publish","type":"post","link":"https:\/\/www.europesays.com\/de\/863955\/","title":{"rendered":"K\u00f6ln will Kaufoption bei Ch\u00e1vez ziehen"},"content":{"rendered":"<p>Felipe Ch\u00e1vez k\u00f6nnte \u00fcber den Sommer hinaus beim 1. FC K\u00f6ln bleiben. Wie die Abendzeitung berichtet, planen die Verantwortlichen des Bundesligisten, im Sommer die vereinbarte Kaufoption f\u00fcr den vom FC Bayern M\u00fcnchen ausgeliehenen Mittelfeldspieler zu ziehen.<\/p>\n<p>Der 18-j\u00e4hrige Peruaner war Anfang Februar nach K\u00f6ln gewechselt und kam bislang auf zwei Kurzeins\u00e4tze mit insgesamt 22 Spielminuten f\u00fcr das Team von Trainer Lukas Kwasniok. Trotz der bislang \u00fcberschaubaren Einsatzzeit soll Ch\u00e1vez intern einen positiven Eindruck hinterlassen haben. Nach AZ-Informationen ist der zentrale Mittelfeldspieler mit seiner Situation zufrieden und hat sich k\u00f6rperlich weiterentwickelt \u2013 weshalb in den kommenden Wochen mit mehr Einsatzzeit gerechnet wird.<\/p>\n<p>Sollte K\u00f6ln die Kaufoption ziehen, w\u00fcrde das allerdings nicht bedeuten, dass der FC Bayern M\u00fcnchen die Entwicklung des Talents aus den Augen verliert. Die M\u00fcnchner haben sich f\u00fcr 2027 und 2028 eine R\u00fcckkaufoption gesichert. Intern gilt Ch\u00e1vez weiterhin als vielversprechendes Talent.<\/p>\n<p>Der 18-J\u00e4hrige wurde seit 2019 beim FC Bayern ausgebildet, bevor er in der Wintertransferperiode nach K\u00f6ln verliehen wurde. Zudem deb\u00fctierte Ch\u00e1vez im Oktober 2025 bereits f\u00fcr die Nationalmannschaft von Peru. Angaben zur H\u00f6he der Kauf- und R\u00fcckkaufoption sind bislang nicht bekannt.<\/p>\n<p><\/p>\n<p>LIGAINSIDER-DURCHSCHNITTSNOTE in den letzten VIER Jahren<\/p>\n","protected":false},"excerpt":{"rendered":"Felipe Ch\u00e1vez k\u00f6nnte \u00fcber den Sommer hinaus beim 1. FC K\u00f6ln bleiben. Wie die Abendzeitung berichtet, planen die&hellip;\n","protected":false},"author":2,"featured_media":863956,"comment_status":"","ping_status":"","sticky":false,"template":"","format":"standard","meta":{"footnotes":"","_share_on_mastodon":"0"},"categories":[1828],"tags":[4808,623,31078,2217,29,123241,347,30,1420,15,1209,5422,265,924,1288,2627,5421,18742],"class_list":["post-863955","post","type-post","status-publish","format-standard","has-post-thumbnail","category-koeln","tag-1-bundesliga","tag-1-fc-koeln","tag-2025-26","tag-bilanz","tag-deutschland","tag-felipe-chavez","tag-fussball","tag-germany","tag-koeln","tag-news","tag-nordrhein-westfalen","tag-quote","tag-sport","tag-statistik","tag-transfers","tag-verletzungen","tag-wechsel","tag-zentrales-mittelfeld"],"share_on_mastodon":{"url":"https:\/\/pubeurope.com\/@de\/116218870194670178","error":""},"_links":{"self":[{"href":"https:\/\/www.europesays.com\/de\/wp-json\/wp\/v2\/posts\/863955","targetHints":{"allow":["GET"]}}],"collection":[{"href":"https:\/\/www.europesays.com\/de\/wp-json\/wp\/v2\/posts"}],"about":[{"href":"https:\/\/www.europesays.com\/de\/wp-json\/wp\/v2\/types\/post"}],"author":[{"embeddable":true,"href":"https:\/\/www.europesays.com\/de\/wp-json\/wp\/v2\/users\/2"}],"replies":[{"embeddable":true,"href":"https:\/\/www.europesays.com\/de\/wp-json\/wp\/v2\/comments?post=863955"}],"version-history":[{"count":0,"href":"https:\/\/www.europesays.com\/de\/wp-json\/wp\/v2\/posts\/863955\/revisions"}],"wp:featuredmedia":[{"embeddable":true,"href":"https:\/\/www.europesays.com\/de\/wp-json\/wp\/v2\/media\/863956"}],"wp:attachment":[{"href":"https:\/\/www.europesays.com\/de\/wp-json\/wp\/v2\/media?parent=863955"}],"wp:term":[{"taxonomy":"category","embeddable":true,"href":"https:\/\/www.europesays.com\/de\/wp-json\/wp\/v2\/categories?post=863955"},{"taxonomy":"post_tag","embeddable":true,"href":"https:\/\/www.europesays.com\/de\/wp-json\/wp\/v2\/tags?post=863955"}],"curies":[{"name":"wp","href":"https:\/\/api.w.org\/{rel}","templated":true}]}}