{"id":864008,"date":"2026-03-13T00:15:15","date_gmt":"2026-03-13T00:15:15","guid":{"rendered":"https:\/\/www.europesays.com\/de\/864008\/"},"modified":"2026-03-13T00:15:15","modified_gmt":"2026-03-13T00:15:15","slug":"landkreis-wolfenbuettel-drei-autos-mit-keyless-system-gestohlen","status":"publish","type":"post","link":"https:\/\/www.europesays.com\/de\/864008\/","title":{"rendered":"Landkreis Wolfenb\u00fcttel: Drei Autos mit Keyless-System gestohlen"},"content":{"rendered":"<p>\n                Stand: 12.03.2026 13:33 Uhr<\/p>\n<p>                    <a href=\"https:\/\/www.europesays.com\/de\/wp-content\/uploads\/2026\/03\/autoschluessel104.webp.webp\" class=\"zoomimage\" title=\"Bild vergr\u00f6\u00dfern\"><\/p>\n<p>        <img decoding=\"async\" src=\"https:\/\/www.europesays.com\/de\/wp-content\/uploads\/2026\/03\/autoschluessel104.webp.webp\" alt=\"Ein elektronischer Autoschl\u00fcssel an einem Anh\u00e4nger in Autoform\" title=\"Laut Polizei fingen die Diebe das Funksignal der Schl\u00fcssel ab und konnten so die Autos \u00f6ffnen. (Themenbild) | Fotolia.com, Brian Jackson\" class=\"responsive\" loading=\"lazy\"\/><\/p>\n<p>                    <\/a><\/p>\n<p>                    Laut Polizei fingen die Diebe das Funksignal der Schl\u00fcssel ab und konnten so die Autos \u00f6ffnen. (Themenbild)<\/p>\n<p class=\"\">Im Landkreis Wolfenb\u00fcttel haben unbekannte Autodiebe einen Schaden von mehr als 90.000 Euro verursacht. Wie die Polizei am Montag mitteilte, wurden dort in der Nacht auf Donnerstag vergangener Woche drei Autos gestohlen. Alle waren demnach in Grundst\u00fcckseinfahrten abgestellt und mit einem sogenannten schl\u00fcssellosen System ausgestattet. Dabei funktionieren die Autoschl\u00fcssel per Funksignal: Fahrzeuge entriegeln sich automatisch, wenn der Schl\u00fcssel in der N\u00e4he ist. Laut Polizei machen sich Autodiebe dieses System zunutze, indem sie das Signal abfangen und dann die Autos \u00f6ffnen. Das sei m\u00f6glich, wenn der Schl\u00fcssel nah an der Haust\u00fcr oder an einer Hauswand liege. Die Polizei r\u00e4t daher, derartige Schl\u00fcssel nicht in Haust\u00fcrn\u00e4he abzulegen und das Funksignal mit einer Aluminiumh\u00fclle oder einer Blechdose abzuschirmen.<\/p>\n<p>        <img decoding=\"async\" src=\"https:\/\/www.europesays.com\/de\/wp-content\/uploads\/2026\/03\/porsche-350.webp.webp\" alt=\"Ein Porsche im Wert von 130.000 Euro ist in Harsefeld von Unbekannten entwendet worden.\" title=\"Ein Porsche im Wert von 130.000 Euro ist in Harsefeld von Unbekannten entwendet worden. | Polizeiinspektion Stade\" class=\"responsive\" loading=\"lazy\"\/><\/p>\n<p>Der Wagen ist am Montag von der Polizei in Hamburg sichergestellt worden. Er soll einen Wert von etwa 130.000 Euro haben.<\/p>\n<p>        Schlagw\u00f6rter zu diesem Artikel<\/p>\n<p>            <a href=\"https:\/\/www.ndr.de\/ratgeber\/tipps-rund-ums-auto,auto519.html\" rel=\"nofollow noopener\" target=\"_blank\">Auto<\/a><\/p>\n","protected":false},"excerpt":{"rendered":"Stand: 12.03.2026 13:33 Uhr Laut Polizei fingen die Diebe das Funksignal der Schl\u00fcssel ab und konnten so die&hellip;\n","protected":false},"author":2,"featured_media":864009,"comment_status":"","ping_status":"","sticky":false,"template":"","format":"standard","meta":{"footnotes":"","_share_on_mastodon":"0"},"categories":[1850],"tags":[590,513,6429,109870,3364,29,1686,548,663,3934,30,13,191486,14,15,1411,121,12,12865,191485,18738],"class_list":["post-864008","post","type-post","status-publish","format-standard","has-post-thumbnail","category-braunschweig","tag-aktuell","tag-auto","tag-braunschweig","tag-cremlingen","tag-de","tag-deutschland","tag-diebstahl","tag-eu","tag-europa","tag-europe","tag-germany","tag-headlines","tag-keyless","tag-nachrichten","tag-news","tag-niedersachsen","tag-polizei","tag-schlagzeilen","tag-schluessel","tag-sickte","tag-wolfenbuettel"],"share_on_mastodon":{"url":"https:\/\/pubeurope.com\/@de\/116218988347111249","error":""},"_links":{"self":[{"href":"https:\/\/www.europesays.com\/de\/wp-json\/wp\/v2\/posts\/864008","targetHints":{"allow":["GET"]}}],"collection":[{"href":"https:\/\/www.europesays.com\/de\/wp-json\/wp\/v2\/posts"}],"about":[{"href":"https:\/\/www.europesays.com\/de\/wp-json\/wp\/v2\/types\/post"}],"author":[{"embeddable":true,"href":"https:\/\/www.europesays.com\/de\/wp-json\/wp\/v2\/users\/2"}],"replies":[{"embeddable":true,"href":"https:\/\/www.europesays.com\/de\/wp-json\/wp\/v2\/comments?post=864008"}],"version-history":[{"count":0,"href":"https:\/\/www.europesays.com\/de\/wp-json\/wp\/v2\/posts\/864008\/revisions"}],"wp:featuredmedia":[{"embeddable":true,"href":"https:\/\/www.europesays.com\/de\/wp-json\/wp\/v2\/media\/864009"}],"wp:attachment":[{"href":"https:\/\/www.europesays.com\/de\/wp-json\/wp\/v2\/media?parent=864008"}],"wp:term":[{"taxonomy":"category","embeddable":true,"href":"https:\/\/www.europesays.com\/de\/wp-json\/wp\/v2\/categories?post=864008"},{"taxonomy":"post_tag","embeddable":true,"href":"https:\/\/www.europesays.com\/de\/wp-json\/wp\/v2\/tags?post=864008"}],"curies":[{"name":"wp","href":"https:\/\/api.w.org\/{rel}","templated":true}]}}