{"id":864041,"date":"2026-03-13T00:34:20","date_gmt":"2026-03-13T00:34:20","guid":{"rendered":"https:\/\/www.europesays.com\/de\/864041\/"},"modified":"2026-03-13T00:34:20","modified_gmt":"2026-03-13T00:34:20","slug":"usa-fbi-ermittelt-nach-toedlichen-schuessen-an-uni-wegen-terrorakt","status":"publish","type":"post","link":"https:\/\/www.europesays.com\/de\/864041\/","title":{"rendered":"USA: FBI ermittelt nach t\u00f6dlichen Sch\u00fcssen an Uni wegen Terrorakt"},"content":{"rendered":"<p class=\"paragraph article__item\">Die US-Bundespolizei<br \/>\n<a class=\"rtr-entity\" href=\"https:\/\/www.zeit.de\/thema\/fbi\" rel=\"nofollow noopener\" target=\"_blank\">FBI<\/a> ermittelt nach t\u00f6dlichen Sch\u00fcssen an einer Universit\u00e4t in Virginia wegen eines<br \/>\nmutma\u00dflichen Terrorakts. Ein bewaffneter Mann hatte nach Polizeiangaben am<br \/>\nDonnerstagmorgen an der Old Dominion Universit\u00e4t in Norfolk einen Menschen<br \/>\nget\u00f6tet und zwei weitere verletzt. Auch der Angreifer kam ums Leben.\n<\/p>\n<p class=\"paragraph article__item\">Laut FBI gibt es eine fr\u00fchere Verbindung des mutma\u00dflichen Sch\u00fctzen zur <a href=\"https:\/\/www.zeit.de\/thema\/islamischer-staat\" target=\"_blank\" rel=\"nofollow noopener\">Terrormiliz Islamischer Staat (IS)<\/a>. Der Mann sa\u00df demnach bereits von 2017 bis 2024 im Gef\u00e4ngnis. Er hatte sich laut FBI im Jahr 2016 schuldig bekannt, versucht zu haben, die Terrormiliz materiell zu unterst\u00fctzen.\n<\/p>\n<p class=\"paragraph article__item\">Bei dem Angriff in der Wirtschaftsfakult\u00e4t der Uni im Bundesstaat <a class=\"rtr-entity\" href=\"https:\/\/www.zeit.de\/thema\/virginia\" rel=\"nofollow noopener\" target=\"_blank\">Virginia<\/a>, an der 25.000 Menschen studieren, habe der Mann &#8222;Allahu Akbar&#8220; auf Arabisch gerufen (\u00fcbersetzt in etwa: &#8222;Gott ist gro\u00df&#8220;), teilte das FBI weiter mit. Eine &#8222;Gruppe mutiger Studenten&#8220; habe den Sch\u00fctzen \u00fcberw\u00e4ltigt, nachdem dieser das Feuer er\u00f6ffnet hatte, teilte FBI-Chef Kash Patel auf der Plattform X mit. Studierende des Trainingskorps der Reservistenoffiziere der US-Armee an der Hochschule h\u00e4tten den Angreifer niedergerungen und get\u00f6tet, best\u00e4tigte eine FBI-Ermittlerin bei einer Pressekonferenz. Minuten sp\u00e4ter seien Einsatzkr\u00e4fte vor Ort gewesen.\n<\/p>\n<p class=\"paragraph article__item\">Hinter der Tat k\u00f6nnten auch pers\u00f6nliche Motive stecken. Zwei der Niedergeschossenen hatten an der Hochschule ein Programm zur Ausbildung von Reserveoffizieren absolviert. Der mutma\u00dfliche T\u00e4ter soll ein fr\u00fcheres Mitglied der Nationalgarde gewesen sein.\n<\/p>\n<p>        Gefahr durch terroristische Anschl\u00e4ge        <\/p>\n<p class=\"paragraph article__item\">In den <a href=\"https:\/\/www.zeit.de\/thema\/usa\" target=\"_blank\" rel=\"nofollow noopener\">USA<\/a><br \/>\nist wegen des <a href=\"https:\/\/www.zeit.de\/thema\/iran\" target=\"_blank\" rel=\"nofollow noopener\">Irankriegs<\/a> die Sicherheitslage angespannt. Rekrutierungsaufrufe von terroristischen Organisationen wie dem IS, Al-Kaida und proiranischen Gruppen haben seit dem Beginn des Krieges im Iran zugenommen, berichtete der US-Sender CBS unter Berufung auf Polizeiquellen.  Am Samstag hatten zwei Jugendliche in New York versucht, einen Anschlag mit selbst gebauten Sprengs\u00e4tzen zu ver\u00fcben. Ihnen wird die Unterst\u00fctzung der Terrormiliz Islamischer Staat (IS) vorgeworfen.\n<\/p>\n<p>                            \u00a9\u00a0Lea Dohle<\/p>\n<p>\n                                        Newsletter<br \/>\n                                        Was jetzt? \u2013 Der t\u00e4gliche Morgen\u00fcberblick<\/p>\n<p class=\"newsletter-signup__text\">Starten Sie mit unserem kurzen Nachrichten-Newsletter in den Tag. Erhalten Sie zudem freitags das digitale Magazin ZEIT am Wochenende.<\/p>\n<p class=\"newsletter-signup__datapolicy\" hidden=\"\">\n            Mit Ihrer Registrierung nehmen Sie die <a href=\"https:\/\/datenschutz.zeit.de\/zon#Newsletter\" target=\"_blank\" rel=\"nofollow noopener\">Datenschutzerkl\u00e4rung<\/a> zur Kenntnis.\n        <\/p>\n<p>    Vielen Dank! Wir haben Ihnen eine E-Mail geschickt.<\/p>\n<p>Pr\u00fcfen Sie Ihr Postfach und best\u00e4tigen Sie das Newsletter-Abonnement.<\/p>\n<p class=\"paragraph article__item\">Auch der <a href=\"https:\/\/www.zeit.de\/gesellschaft\/zeitgeschehen\/2026-03\/usa-michigan-synagoge-anschlag\" target=\"_blank\" rel=\"nofollow noopener\">Angriff auf eine Synagoge im US-Bundesstaat Michigan<\/a> am Donnerstag wird vom FBI als Terrorakt untersucht. Ein mit einem Gewehr bewaffneter Mann war mit einem Auto in das j\u00fcdische Gotteshaus in West Bloomfield au\u00dferhalb von Detroit gerast. Er wurde vom Sicherheitsdienst der Synagoge erschossen, wie die Nachrichtenagentur AP aus Ermittlerkreisen erfuhr. Das Fahrzeug sei in Brand geraten. Verletzt worden sei niemand.\n<\/p>\n<p class=\"paragraph article__item\">Der fr\u00fchere US-Botschafter in Israel, Tom Nides, stellte eine Verbindung antisemitischer Gewalttaten zum Krieg im Iran her. Dem Sender Fox News sagt er: &#8222;Wir wissen, dass wir uns gerade deshalb in dieser ver\u00e4nderten Situation befinden, weil im Iran ein Krieg stattfindet und die Vereinigten Staaten und Israel auf einer Seite stehen.&#8220;\n<\/p>\n<p class=\"paragraph article__item\"><a href=\"https:\/\/abcnews.com\/US\/iran-activating-sleeper-cells-alert\/story?id=130897687\" target=\"_blank\" rel=\"nofollow noopener\">Berichten des US-Senders ABC zufolge<\/a> hatten US-Dienste nach der T\u00f6tung des geistlichen F\u00fchrers des Iran, Ali Chamenei, verschl\u00fcsselte Nachrichten abgefangen, die vermutlich aus dem Iran kamen und ein Aufruf zur Aktivierung von sogenannten Schl\u00e4fern gewesen sein k\u00f6nnten. Die US-Regierung habe daraufhin Strafverfolgungsbeh\u00f6rden im ganzen Land auf die m\u00f6gliche Bedrohung aufmerksam gemacht.\n<\/p>\n<p class=\"paragraph article__item\">Bereits Ende Februar hatte das FBI Polizeibeh\u00f6rden in Kalifornien vor einem m\u00f6glichen Drohnenangriff durch den Iran gewarnt. Der Gouverneur des bev\u00f6lkerungsreichsten US-Bundesstaats, Gavin Newsom, sagte am Donnerstag jedoch, es gebe <a href=\"https:\/\/abc7.com\/post\/newsom-says-no-imminent-threat-california-possible-iran-drone-attack-white-house-rejects-reports\/18707070\/\" target=\"_blank\" rel=\"nofollow noopener\">keine unmittelbare Bedrohung<\/a> f\u00fcr Kalifornien.\u00a0\n<\/p>\n<p>Mehr zum Thema<\/p>\n<p>            USA und Iran        <\/p>\n<p>                <a href=\"https:\/\/www.zeit.de\/politik\/ausland\/2026-03\/usa-iran-krieg-nahost-israel\" data-ct-label=\"USA und Iran: Die USA haben schon verloren\" data-uuid=\"948364a9-1ed7-4b3f-a5be-39e8c7b280a1\" rel=\"nofollow noopener\" target=\"_blank\"><\/p>\n<p>        Z+ (abopflichtiger Inhalt);<\/p>\n<p>    USA und Iran:<br \/>\n                        Die USA haben schon verloren<\/p>\n<p>                <\/a><\/p>\n<p>                <a href=\"https:\/\/www.zeit.de\/politik\/ausland\/2026-03\/donald-trump-irankrieg-ziele-amy-gutmann-ok-america\" data-ct-label=\"Donald Trump: Der Kriegspr\u00e4sident, der nicht von Krieg sprechen will\" data-uuid=\"6357098c-0e56-42c4-955b-527c5015790d\" rel=\"nofollow noopener\" target=\"_blank\"><\/p>\n<p>                        Donald Trump:<br \/>\n                        Der Kriegspr\u00e4sident, der nicht von Krieg sprechen will<\/p>\n<p>                <\/a><\/p>\n<p>                <a href=\"https:\/\/www.zeit.de\/politik\/ausland\/2026-03\/donald-trump-us-machtpolitik-krieg-zoll-carl-von-clausewitz\" data-ct-label=\"US-Machtpolitik: Donald Trump leidet an der Siegeskrankheit\" data-uuid=\"a07ce5fd-0af4-4b01-b33d-c3b721c0ada0\" rel=\"nofollow noopener\" target=\"_blank\"><\/p>\n<p>        Z+ (abopflichtiger Inhalt);<\/p>\n<p>    US-Machtpolitik:<br \/>\n                        Donald Trump leidet an der Siegeskrankheit<\/p>\n<p>                <\/a><\/p>\n","protected":false},"excerpt":{"rendered":"Die US-Bundespolizei FBI ermittelt nach t\u00f6dlichen Sch\u00fcssen an einer Universit\u00e4t in Virginia wegen eines mutma\u00dflichen Terrorakts. Ein bewaffneter&hellip;\n","protected":false},"author":2,"featured_media":864042,"comment_status":"","ping_status":"","sticky":false,"template":"","format":"standard","meta":{"footnotes":"","_share_on_mastodon":"0"},"categories":[3977],"tags":[331,332,191487,421,22720,1724,13,187293,14,15,35644,12,191488,4017,4018,4016,64,4019,4020,26516],"class_list":["post-864041","post","type-post","status-publish","format-standard","has-post-thumbnail","category-usa","tag-aktuelle-nachrichten","tag-aktuelle-news","tag-allahu-akbar","tag-bundespolizei","tag-fbi","tag-gesellschaft","tag-headlines","tag-irankrieg","tag-nachrichten","tag-news","tag-norfolk","tag-schlagzeilen","tag-terrorakt","tag-united-states","tag-united-states-of-america","tag-us","tag-usa","tag-vereinigte-staaten","tag-vereinigte-staaten-von-amerika","tag-virginia"],"share_on_mastodon":{"url":"https:\/\/pubeurope.com\/@de\/116219062884315487","error":""},"_links":{"self":[{"href":"https:\/\/www.europesays.com\/de\/wp-json\/wp\/v2\/posts\/864041","targetHints":{"allow":["GET"]}}],"collection":[{"href":"https:\/\/www.europesays.com\/de\/wp-json\/wp\/v2\/posts"}],"about":[{"href":"https:\/\/www.europesays.com\/de\/wp-json\/wp\/v2\/types\/post"}],"author":[{"embeddable":true,"href":"https:\/\/www.europesays.com\/de\/wp-json\/wp\/v2\/users\/2"}],"replies":[{"embeddable":true,"href":"https:\/\/www.europesays.com\/de\/wp-json\/wp\/v2\/comments?post=864041"}],"version-history":[{"count":0,"href":"https:\/\/www.europesays.com\/de\/wp-json\/wp\/v2\/posts\/864041\/revisions"}],"wp:featuredmedia":[{"embeddable":true,"href":"https:\/\/www.europesays.com\/de\/wp-json\/wp\/v2\/media\/864042"}],"wp:attachment":[{"href":"https:\/\/www.europesays.com\/de\/wp-json\/wp\/v2\/media?parent=864041"}],"wp:term":[{"taxonomy":"category","embeddable":true,"href":"https:\/\/www.europesays.com\/de\/wp-json\/wp\/v2\/categories?post=864041"},{"taxonomy":"post_tag","embeddable":true,"href":"https:\/\/www.europesays.com\/de\/wp-json\/wp\/v2\/tags?post=864041"}],"curies":[{"name":"wp","href":"https:\/\/api.w.org\/{rel}","templated":true}]}}