{"id":864087,"date":"2026-03-13T00:58:13","date_gmt":"2026-03-13T00:58:13","guid":{"rendered":"https:\/\/www.europesays.com\/de\/864087\/"},"modified":"2026-03-13T00:58:13","modified_gmt":"2026-03-13T00:58:13","slug":"schkeuditzer-kettensaegenmassaker-kreuzer-online","status":"publish","type":"post","link":"https:\/\/www.europesays.com\/de\/864087\/","title":{"rendered":"Schkeuditzer Kettens\u00e4genmassaker \u2014 kreuzer online"},"content":{"rendered":"<p>Es beginnt mit einem Etikettenschwindel: Die Milei-Konferenz findet 2026 ihrer Ank\u00fcndigung zum Trotz am Samstag nicht in Leipzig statt, sondern in Schkeuditz. Das klingt nat\u00fcrlich weniger mond\u00e4n, wenn K\u00f6pfe aus dem ultrakonservativem, rechten und libert\u00e4ren Lager diskutieren, wie sie an den Staat die Kettens\u00e4ge anlegen k\u00f6nnen. Darin eifern sie ihrem namengebendem Vorbild, dem argentinischen Pr\u00e4sidenten Javier Milei nach. Der hatte das Waldarbeiterwerkzeug zum Symbol eines libert\u00e4ren Autoritarismus gemacht; denn im Kern geht es um die Bem\u00e4chtigung von staatlicher Macht. Unter den nun in Schkeuditz zusammenkommenden Staatsver\u00e4chtern sind einige, die von der \u00f6ffentlichen Hand leben.<\/p>\n<p>Warum sie sich in Schkeuditz treffen, liegt mutma\u00dflich an der guten Erreichbarkeit des Veranstaltungsorts. Und dass er offenbar problemlos f\u00fcr rechte Auftritte mietbar ist. Denn auf der in Privatbesitz befindlichen Messe Schkeuditz, die unterm Namen Globana Event Campus firmiert, fanden in der Vergangenheit mehrfach <a href=\"https:\/\/kreuzer-leipzig.de\/2017\/11\/20\/come-back-der-compact-konferenz\" rel=\"nofollow noopener\" target=\"_blank\">Konferenzen des extrem rechten Compact-Magazins<\/a> statt.\u00a0Hier soll also am 14. M\u00e4rz diskutiert werden, wie die gef\u00fchlte Unfreiheit in Deutschland \u00fcberwunden und die Wirtschaft entfesselt werden kann.<\/p>\n<p>Das Milei-Institut ist aus dem Umfeld der Hayek-Gesellschaft erwachsen, der auch AfD-Leute wie Alice Weidel (mittlerweile ausgetreten) und Beatrix von Storch angeh\u00f6ren. Der stellvertretende Gesch\u00e4ftsf\u00fchrer der Hayek-Gesellschaft, Carlos A. Gebauer, gr\u00fcndete das Milei-Institut im Januar 2026. Der Jurist verf\u00fcgt vor allem deshalb \u00fcber eine gewisse Prominenz, weil er in der RTL-Gerichtssoap \u00bbDas Strafgericht\u00ab hundertfach als Strafverteidiger auftrat. Er erntete intern Kritik, als er die Aufnahme von Hans-Georg Maa\u00dfen in der Gesellschaft bef\u00fcrwortete. Der ehemalige Verfassungsschutzchef wird nach seinem voreiligen Ausscheiden aus dem Amt selbst vom Verfassungsschutz als extrem Rechter gef\u00fchrt.<\/p>\n<p>Frauke Petry fungiert als Gebauers Stellvertreterin im Milei-Institut. Die Unternehmerin machte sich vor allem als AfD-Politikerin einen Namen \u2013 und durch ihr Scheitern im dortigen internen Machtkampf. Zwischendurch versuchte sie, mit der Blauen Partei zu punkten. Derzeit f\u00fchrt sie die Kleinstpartei Team Freiheit an, die den Sozialstaat zerschlagen will und Klimaschutz ablehnt. Auch die ehemalige AfD-Politikerin und Ex-Bundestagsabgeordnete Joana Cotar ist Mitglied im Institut. Beide haben zeitweise also von dem Staat profitiert, den sie nun abbauen m\u00f6chten. Mit mehreren Professoren sind Personen im Institut vertreten, die direkt von staatlicher Alimentierung profitieren. Auch Referierende auf der Konferenz in Schkeuditz werden \u00f6ffentlich gef\u00f6rdert oder bezahlt.<\/p>\n<p>So tritt der Gesch\u00e4ftsf\u00fchrer des extrem konservativen bis rechten R21-Thinktanks Martin Hagen auf. F\u00fcr die Vereinigung sah der Bundeshaushalt 2025 satte <a href=\"https:\/\/www.tagesspiegel.de\/politik\/staat-fordert-umstrittene-denkfabrik-kristina-schroders-verein-republik21-erhalt-eine-viertelmillion-14372048.html\" rel=\"nofollow noopener\" target=\"_blank\">250.000 Euro<\/a> vor.\u00a0Mit Tim Drygala spricht ein Professor der Universit\u00e4t Leipzig in Schkeuditz, der ebenfalls zum Team Freiheit z\u00e4hlt. Der Jurist fiel zuletzt l\u00e4rmend auf X \u2013 ehemals Twitter \u2013 <a href=\"https:\/\/www.mdr.de\/nachrichten\/sachsen\/leipzig\/leipzig-leipzig-land\/uni-jura-vorwuerfe-sexismus-drygala-100.html\" rel=\"nofollow noopener\" target=\"_blank\">vor allem mit sexistischer Schlagseite auf<\/a>.\u00a0\u00bbDas wird mal noch sagen d\u00fcrfen\u00ab, wird er wohl auf der Konferenz im Zeichen der Kettens\u00e4ge sagen d\u00fcrfen.<\/p>\n","protected":false},"excerpt":{"rendered":"Es beginnt mit einem Etikettenschwindel: Die Milei-Konferenz findet 2026 ihrer Ank\u00fcndigung zum Trotz am Samstag nicht in Leipzig&hellip;\n","protected":false},"author":2,"featured_media":864088,"comment_status":"","ping_status":"","sticky":false,"template":"","format":"standard","meta":{"footnotes":"","_share_on_mastodon":"0"},"categories":[1832],"tags":[3364,29,30,80,71,16,859,26667,8862],"class_list":["post-864087","post","type-post","status-publish","format-standard","has-post-thumbnail","category-leipzig","tag-de","tag-deutschland","tag-germany","tag-kultur","tag-leipzig","tag-politik","tag-sachsen","tag-stadtleben","tag-termine"],"share_on_mastodon":{"url":"https:\/\/pubeurope.com\/@de\/116219159446267768","error":""},"_links":{"self":[{"href":"https:\/\/www.europesays.com\/de\/wp-json\/wp\/v2\/posts\/864087","targetHints":{"allow":["GET"]}}],"collection":[{"href":"https:\/\/www.europesays.com\/de\/wp-json\/wp\/v2\/posts"}],"about":[{"href":"https:\/\/www.europesays.com\/de\/wp-json\/wp\/v2\/types\/post"}],"author":[{"embeddable":true,"href":"https:\/\/www.europesays.com\/de\/wp-json\/wp\/v2\/users\/2"}],"replies":[{"embeddable":true,"href":"https:\/\/www.europesays.com\/de\/wp-json\/wp\/v2\/comments?post=864087"}],"version-history":[{"count":0,"href":"https:\/\/www.europesays.com\/de\/wp-json\/wp\/v2\/posts\/864087\/revisions"}],"wp:featuredmedia":[{"embeddable":true,"href":"https:\/\/www.europesays.com\/de\/wp-json\/wp\/v2\/media\/864088"}],"wp:attachment":[{"href":"https:\/\/www.europesays.com\/de\/wp-json\/wp\/v2\/media?parent=864087"}],"wp:term":[{"taxonomy":"category","embeddable":true,"href":"https:\/\/www.europesays.com\/de\/wp-json\/wp\/v2\/categories?post=864087"},{"taxonomy":"post_tag","embeddable":true,"href":"https:\/\/www.europesays.com\/de\/wp-json\/wp\/v2\/tags?post=864087"}],"curies":[{"name":"wp","href":"https:\/\/api.w.org\/{rel}","templated":true}]}}