{"id":864124,"date":"2026-03-13T01:18:26","date_gmt":"2026-03-13T01:18:26","guid":{"rendered":"https:\/\/www.europesays.com\/de\/864124\/"},"modified":"2026-03-13T01:18:26","modified_gmt":"2026-03-13T01:18:26","slug":"acht-neue-songs-wegen-trump","status":"publish","type":"post","link":"https:\/\/www.europesays.com\/de\/864124\/","title":{"rendered":"Acht neue Songs wegen Trump"},"content":{"rendered":"<p>        <img decoding=\"async\" src=\"https:\/\/www.europesays.com\/de\/wp-content\/uploads\/2025\/03\/rs-badge-recommendation.png\" alt=\"ROLLING STONE Badge\"\/><\/p>\n<p>Empfehlungen der\u00a0Redaktion<\/p>\n<p><a href=\"https:\/\/www.rollingstone.de\/neil-young-die-10-besten-songs-nach-den-1970er-jahren-2942969\/\" target=\"_blank\" rel=\"noopener nofollow\">Neil Youngs<\/a> \u00f6ffentlicher Kalender wurde letzten Monat leergefegt, als er seine Europatournee mit den Chrome Hearts absagte. Unt\u00e4tig war er deswegen aber nicht. In einem neuen Beitrag auf den Neil Young Archives l\u00e4sst Young seinem Frust \u00fcber das aktuelle politische Klima freien Lauf \u2013 und verr\u00e4t, dass er an seinem n\u00e4chsten Album bereits weit vorangekommen ist.<\/p>\n<p><a href=\"https:\/\/www.rollingstone.com\/music\/music-news\/neil-young-eight-songs-new-album-1235529204\/\" target=\"_blank\" rel=\"noopener nofollow\">\u201eDieses Land schmerzt mich so sehr\u201c, schreibt er. \u201e<\/a>Die Politik heute ist f\u00fcr mich so traurig und deprimierend. Ich halte das nicht mehr aus. Ich kann rausgehen und meine Gef\u00fchle dazu zum Ausdruck bringen. Wir haben den schlechtesten Pr\u00e4sidenten in der Geschichte unseres Landes. Was wir jeden Tag kriegen, ist eine miese TV-Show, produziert von DJT \u2026 Jetzt bin ich zum Gl\u00fcck wieder im Studio und nehme mit den Chrome Hearts ein neues Album auf. Ich liebe die Songs und das Gef\u00fchl von Leben und Liebe. Musik ist. Bisher haben wir acht neue Songs. Sie bewegen mich.\u201c<\/p>\n<p><img loading=\"lazy\" decoding=\"async\" src=\"https:\/\/www.europesays.com\/de\/wp-content\/uploads\/2026\/03\/2339b03bd1b44d45a977079bf98dfdf3.gif\" alt=\"\" width=\"1\" height=\"1\"\/>Youngs j\u00fcngstes Album ist \u201eTalkin\u2018 to the Trees\u201c aus dem Jahr 2025, das ebenfalls mit den Chrome Hearts eingespielt wurde. \u201e\u201aTalkin\u2018 to the Trees\u2018 zeigt Neil Young, wie er Bilanz zieht, w\u00e4hrend er auf die Achtzig zugeht \u2013 ein trotzig unordentliches Bekenntnis f\u00fcr alle, die ihn in der Vergangenheit festnageln wollen\u201c, schrieb ROLLING STONEs Rob Sheffield in einer Drei-Sterne-Rezension. \u201eEr zielt hier nicht auf ein gro\u00dfes Werk ab \u2013 er nimmt seine neue Band einfach mit ins Studio und schaut, wo die Reise hinf\u00fchrt. Die k\u00f6nnte am Ende \u00fcberall enden. Long may they \u2013 and he \u2013 run.\u201c<\/p>\n<p>Klassiker statt neues Material<\/p>\n<p>Young und die Chrome Hearts tourten letzten Sommer quer durch Nordamerika, spielten von \u201eTalkin\u2018 to the Trees\u201c aber nichts au\u00dfer \u201eSilver Eagle\u201c. Daf\u00fcr packten sie die w\u00fctende Anti-Trump-Abrechnung \u201eBig Crime\u201c aus, die unterwegs entstanden war. Der Rest des Sets bestand aus Klassikern wie \u201eAmbulance Blues\u201c, \u201eCowgirl In The Sand\u201c, \u201eOld Man\u201c und \u201eSouthern Man\u201c sowie Rarit\u00e4ten wie \u201eLong Walk Home\u201c, \u201eName of Love\u201c und \u201eSun Green\u201c.<\/p>\n<p>Eine Europatournee war ab dem 19. Juni in Manchester geplant und sollte am 16. Juli in Codroipo, Italien, enden \u2013 14 Konzerte insgesamt. \u201eIch habe beschlossen, eine Pause einzulegen, und werde Europa diesmal nicht bereisen\u201c, schrieb er seinen Fans am 6. Februar, als er alle Termine absagte. \u201eDanke an alle, die Tickets gekauft haben. Es tut mir leid, euch zu entt\u00e4uschen, aber das ist nicht der richtige Zeitpunkt. Ich spiele wirklich gerne LIVE und bin gerne mit euch und den Chrome Hearts zusammen. LOVE Neil, bleibt gesund.\u201c<\/p>\n<p>In einer sp\u00e4teren Antwort auf einen Fan-Brief lieferte er etwas mehr Kontext f\u00fcr seine Entscheidung. \u201eIch h\u00f6re auf meinen K\u00f6rper\u201c, schrieb er. \u201eDeshalb habe ich abgesagt.\u201c<\/p>\n<p>Hoffnung auf baldige R\u00fcckkehr<\/p>\n<p>Au\u00dferdem betonte er, dass seine Touringtage noch nicht f\u00fcr immer vorbei seien. \u201eViele meiner Auftritte auf der Love Earth Tour 2025 waren transzendent\u201c, schrieb er an einen anderen Fan. \u201eIch hoffe, bald wieder mit ihnen auf der Stra\u00dfe zu sein. Was f\u00fcr eine wunderbare Band!\u201c<\/p>\n","protected":false},"excerpt":{"rendered":"Empfehlungen der\u00a0Redaktion Neil Youngs \u00f6ffentlicher Kalender wurde letzten Monat leergefegt, als er seine Europatournee mit den Chrome Hearts&hellip;\n","protected":false},"author":2,"featured_media":864125,"comment_status":"","ping_status":"","sticky":false,"template":"","format":"standard","meta":{"footnotes":"","_share_on_mastodon":"0"},"categories":[1776],"tags":[1801,29,214,30,5852,1802,215],"class_list":["post-864124","post","type-post","status-publish","format-standard","has-post-thumbnail","category-prominente","tag-celebrities","tag-deutschland","tag-entertainment","tag-germany","tag-neil-young","tag-prominente","tag-unterhaltung"],"share_on_mastodon":{"url":"https:\/\/pubeurope.com\/@de\/116219236048068136","error":""},"_links":{"self":[{"href":"https:\/\/www.europesays.com\/de\/wp-json\/wp\/v2\/posts\/864124","targetHints":{"allow":["GET"]}}],"collection":[{"href":"https:\/\/www.europesays.com\/de\/wp-json\/wp\/v2\/posts"}],"about":[{"href":"https:\/\/www.europesays.com\/de\/wp-json\/wp\/v2\/types\/post"}],"author":[{"embeddable":true,"href":"https:\/\/www.europesays.com\/de\/wp-json\/wp\/v2\/users\/2"}],"replies":[{"embeddable":true,"href":"https:\/\/www.europesays.com\/de\/wp-json\/wp\/v2\/comments?post=864124"}],"version-history":[{"count":0,"href":"https:\/\/www.europesays.com\/de\/wp-json\/wp\/v2\/posts\/864124\/revisions"}],"wp:featuredmedia":[{"embeddable":true,"href":"https:\/\/www.europesays.com\/de\/wp-json\/wp\/v2\/media\/864125"}],"wp:attachment":[{"href":"https:\/\/www.europesays.com\/de\/wp-json\/wp\/v2\/media?parent=864124"}],"wp:term":[{"taxonomy":"category","embeddable":true,"href":"https:\/\/www.europesays.com\/de\/wp-json\/wp\/v2\/categories?post=864124"},{"taxonomy":"post_tag","embeddable":true,"href":"https:\/\/www.europesays.com\/de\/wp-json\/wp\/v2\/tags?post=864124"}],"curies":[{"name":"wp","href":"https:\/\/api.w.org\/{rel}","templated":true}]}}