{"id":864199,"date":"2026-03-13T02:00:18","date_gmt":"2026-03-13T02:00:18","guid":{"rendered":"https:\/\/www.europesays.com\/de\/864199\/"},"modified":"2026-03-13T02:00:18","modified_gmt":"2026-03-13T02:00:18","slug":"polen-polens-praesident-legt-veto-gegen-eu-ruestungskredite-fuer-sein-land-ein","status":"publish","type":"post","link":"https:\/\/www.europesays.com\/de\/864199\/","title":{"rendered":"Polen: Polens Pr\u00e4sident legt Veto gegen EU-R\u00fcstungskredite f\u00fcr sein Land ein"},"content":{"rendered":"<p class=\"paragraph article__item\">Polens nationalistischer Pr\u00e4sident Karol Nawrocki hat sein Veto gegen ein Gesetz zur Annahme von EU-Krediten zur milit\u00e4rischen Aufr\u00fcstung eingelegt. &#8222;Die Sicherheit Polens darf nicht von fremden Entscheidungen abh\u00e4ngen&#8220;, sagte Nawrocki zur Begr\u00fcndung seiner Entscheidung. Das betreffende Gesetz war zuvor von der Mitte-Links-Koalition von Ministerpr\u00e4sident Donald Tusk verabschiedet worden und sollte es Polen erm\u00f6glichen, von der <a class=\"rtr-entity\" href=\"https:\/\/www.zeit.de\/thema\/europaeische-union\" rel=\"nofollow noopener\" target=\"_blank\">EU<\/a> vergebene Kredite in H\u00f6he von 44 Milliarden Euro aufzunehmen, um damit sein Milit\u00e4r zu modernisieren und aufzur\u00fcsten. &#8222;Der Pr\u00e4sident hat eine Chance vertan, sich wie ein Patriot zu verhalten&#8220;, kritisierte Tusk das Veto Nawrockis auf X.\n<\/p>\n<p class=\"paragraph article__item\">Die EU bietet im Rahmen des sogenannten Safe-Programms (Security Action for Europe) g\u00fcnstige Kredite von insgesamt 150 Milliarden Euro f\u00fcr ihre Mitgliedsl\u00e4nder an, um ihnen zu helfen, die gestiegenen R\u00fcstungsausgaben zu finanzieren, um sich gegen ein aggressiver auftretendes Russland zu wappnen. Polen sollte den gr\u00f6\u00dften Kredit bekommen. Das osteurop\u00e4ische Land wollte nach Pl\u00e4nen des Verteidigungsministeriums mit dem Geld Abwehrwaffen gegen Drohnen und Raketen kaufen, zudem sollten Hubschrauber und Boote angeschafft werden. <a class=\"rtr-entity\" href=\"https:\/\/www.zeit.de\/thema\/donald-tusk\" rel=\"nofollow noopener\" target=\"_blank\">Tusk<\/a> zufolge w\u00fcrde ein Gro\u00dfteil des Geldes in Auftr\u00e4ge an polnische R\u00fcstungsunternehmen flie\u00dfen. Polen ist das <a href=\"https:\/\/www.zeit.de\/politik\/2026-02\/polen-ostgrenze-minen-ottawa-konvention-nato-vizeverteidigungsminister-pawel-zalewski\" target=\"_blank\" rel=\"nofollow noopener\">gr\u00f6\u00dfte Land an der Nato-Ostflanke<\/a> und Nachbar von Russland, Belarus und der Ukraine.\n<\/p>\n<p>        &#8222;Man schl\u00e4gt uns ein Polen unter deutschem Stiefel vor&#8220;        <\/p>\n<p class=\"paragraph article__item\"><a href=\"https:\/\/www.zeit.de\/politik\/2025-06\/stichwahl-polen-2025-karol-nawrocki-rechtsnationalist\" target=\"_blank\" rel=\"nofollow noopener\">Nawrocki wird von der nationalkonservativen Partei PiS unterst\u00fctzt<\/a>. PiS-Chef Jaros\u0142aw Kaczy\u0144ski macht seit Wochen Front gegen das Safe-Programm der EU und verbreitet ein deutschlandfeindliches Narrativ. Das R\u00fcstungsprogramm sei nach seiner Lesart Teil eines Plans, die EU unter <a href=\"https:\/\/www.zeit.de\/politik\/ausland\/2022-12\/polen-kaczynski-deutschland-politik-dominanz\" target=\"_blank\" rel=\"nofollow noopener\">deutscher Dominanz<\/a> enger zusammenzuf\u00fcgen. Profitieren sollten haupts\u00e4chlich deutsche R\u00fcstungskonzerne, behauptete Kaczy\u0144ski. &#8222;Man schl\u00e4gt uns ein Polen unter deutschem Stiefel vor, und diesen deutschen Stiefel lehnen wir ab&#8220;, sagte der rechte Oppositionsf\u00fchrer.\n<\/p>\n<p>                            \u00a9\u00a0Lea Dohle<\/p>\n<p>\n                                        Newsletter<br \/>\n                                        Was jetzt? \u2013 Der t\u00e4gliche Morgen\u00fcberblick<\/p>\n<p class=\"newsletter-signup__text\">Starten Sie mit unserem kurzen Nachrichten-Newsletter in den Tag. Erhalten Sie zudem freitags das digitale Magazin ZEIT am Wochenende.<\/p>\n<p class=\"newsletter-signup__datapolicy\" hidden=\"\">\n            Mit Ihrer Registrierung nehmen Sie die <a href=\"https:\/\/datenschutz.zeit.de\/zon#Newsletter\" target=\"_blank\" rel=\"nofollow noopener\">Datenschutzerkl\u00e4rung<\/a> zur Kenntnis.\n        <\/p>\n<p>    Vielen Dank! Wir haben Ihnen eine E-Mail geschickt.<\/p>\n<p>Pr\u00fcfen Sie Ihr Postfach und best\u00e4tigen Sie das Newsletter-Abonnement.<\/p>\n<p class=\"paragraph article__item\">Um Polens Aufr\u00fcstung zu finanzieren, brachte <a class=\"rtr-entity\" href=\"https:\/\/www.zeit.de\/thema\/karol-nawrocki\" rel=\"nofollow noopener\" target=\"_blank\">Nawrocki<\/a> k\u00fcrzlich gemeinsam mit Nationalbankchef Adam Glapi\u0144ski einen alternativen Vorschlag ins Spiel. Der sieht vor, dass ein R\u00fcstungsprogramm in etwas gleicher Gr\u00f6\u00dfenordnung zinsfrei aus den Devisen- und Goldreserven der Nationalbank finanziert werden soll. Finanzexperten warnen vor den Risiken, und Regierungschef Tusk hat bereits klargemacht, dass seine Regierung Nawrockis Vorschlag nicht unterst\u00fctzen werde.<\/p>\n","protected":false},"excerpt":{"rendered":"Polens nationalistischer Pr\u00e4sident Karol Nawrocki hat sein Veto gegen ein Gesetz zur Annahme von EU-Krediten zur milit\u00e4rischen Aufr\u00fcstung&hellip;\n","protected":false},"author":2,"featured_media":864200,"comment_status":"","ping_status":"","sticky":false,"template":"","format":"standard","meta":{"footnotes":"","_share_on_mastodon":"0"},"categories":[3933],"tags":[331,332,37829,548,663,158,3934,3935,13,46828,46823,3770,14,1159,15,103259,3917,16,307,5694,12],"class_list":["post-864199","post","type-post","status-publish","format-standard","has-post-thumbnail","category-eu","tag-aktuelle-nachrichten","tag-aktuelle-news","tag-donald-tusk","tag-eu","tag-europa","tag-europaeische-union","tag-europe","tag-european-union","tag-headlines","tag-jaroslaw-kaczynski","tag-karol-nawrocki","tag-kredit","tag-nachrichten","tag-nato","tag-news","tag-ostflanke","tag-polen","tag-politik","tag-russland","tag-ruestung","tag-schlagzeilen"],"share_on_mastodon":{"url":"https:\/\/pubeurope.com\/@de\/116219401071839548","error":""},"_links":{"self":[{"href":"https:\/\/www.europesays.com\/de\/wp-json\/wp\/v2\/posts\/864199","targetHints":{"allow":["GET"]}}],"collection":[{"href":"https:\/\/www.europesays.com\/de\/wp-json\/wp\/v2\/posts"}],"about":[{"href":"https:\/\/www.europesays.com\/de\/wp-json\/wp\/v2\/types\/post"}],"author":[{"embeddable":true,"href":"https:\/\/www.europesays.com\/de\/wp-json\/wp\/v2\/users\/2"}],"replies":[{"embeddable":true,"href":"https:\/\/www.europesays.com\/de\/wp-json\/wp\/v2\/comments?post=864199"}],"version-history":[{"count":0,"href":"https:\/\/www.europesays.com\/de\/wp-json\/wp\/v2\/posts\/864199\/revisions"}],"wp:featuredmedia":[{"embeddable":true,"href":"https:\/\/www.europesays.com\/de\/wp-json\/wp\/v2\/media\/864200"}],"wp:attachment":[{"href":"https:\/\/www.europesays.com\/de\/wp-json\/wp\/v2\/media?parent=864199"}],"wp:term":[{"taxonomy":"category","embeddable":true,"href":"https:\/\/www.europesays.com\/de\/wp-json\/wp\/v2\/categories?post=864199"},{"taxonomy":"post_tag","embeddable":true,"href":"https:\/\/www.europesays.com\/de\/wp-json\/wp\/v2\/tags?post=864199"}],"curies":[{"name":"wp","href":"https:\/\/api.w.org\/{rel}","templated":true}]}}