{"id":864360,"date":"2026-03-13T03:27:32","date_gmt":"2026-03-13T03:27:32","guid":{"rendered":"https:\/\/www.europesays.com\/de\/864360\/"},"modified":"2026-03-13T03:27:32","modified_gmt":"2026-03-13T03:27:32","slug":"gleise-am-hauptbahnhof-wieder-frei","status":"publish","type":"post","link":"https:\/\/www.europesays.com\/de\/864360\/","title":{"rendered":"Gleise am Hauptbahnhof wieder frei"},"content":{"rendered":"<p class=\"text_ohne_einzug richtext text-em-55 !leading-serif mx-6 desktop:mx-0\">Nach der kontrollierten Sprengung einer zweiten am Duisburger Hauptbahnhof gefundenen Weltkriegsbombe sind die Gleise am Bahnhof wieder freigegeben worden. Noch gebe es einige versp\u00e4tete oder gestrichene Z\u00fcge, aber der Verkehr werde sich in den n\u00e4chsten Stunden normalisieren und wieder nach Plan laufen, sagte ein Bahnsprecher am Mittag. Gesperrt bleibe nur noch das Gleis, in dessen N\u00e4he die Bombe gefunden worden war.<\/p>\n","protected":false},"excerpt":{"rendered":"Nach der kontrollierten Sprengung einer zweiten am Duisburger Hauptbahnhof gefundenen Weltkriegsbombe sind die Gleise am Bahnhof wieder freigegeben&hellip;\n","protected":false},"author":2,"featured_media":864361,"comment_status":"","ping_status":"","sticky":false,"template":"","format":"standard","meta":{"footnotes":"","_share_on_mastodon":"0"},"categories":[1838],"tags":[2037,2227,10922,7667,10718,3364,29,3715,7465,19468,30,43794,3601,1209,4935,8751,601,10668,11192],"class_list":["post-864360","post","type-post","status-publish","format-standard","has-post-thumbnail","category-duisburg","tag-bahnhof","tag-bahnverkehr","tag-blindgaenger","tag-bombe","tag-bombensprengung","tag-de","tag-deutschland","tag-duisburg","tag-duisburger","tag-freigegeben","tag-germany","tag-gleis","tag-hauptbahnhof","tag-nordrhein-westfalen","tag-regionalverkehr","tag-sprengung","tag-verkehr","tag-weltkrieg","tag-weltkriegsbombe"],"share_on_mastodon":{"url":"https:\/\/pubeurope.com\/@de\/116219743012186844","error":""},"_links":{"self":[{"href":"https:\/\/www.europesays.com\/de\/wp-json\/wp\/v2\/posts\/864360","targetHints":{"allow":["GET"]}}],"collection":[{"href":"https:\/\/www.europesays.com\/de\/wp-json\/wp\/v2\/posts"}],"about":[{"href":"https:\/\/www.europesays.com\/de\/wp-json\/wp\/v2\/types\/post"}],"author":[{"embeddable":true,"href":"https:\/\/www.europesays.com\/de\/wp-json\/wp\/v2\/users\/2"}],"replies":[{"embeddable":true,"href":"https:\/\/www.europesays.com\/de\/wp-json\/wp\/v2\/comments?post=864360"}],"version-history":[{"count":0,"href":"https:\/\/www.europesays.com\/de\/wp-json\/wp\/v2\/posts\/864360\/revisions"}],"wp:featuredmedia":[{"embeddable":true,"href":"https:\/\/www.europesays.com\/de\/wp-json\/wp\/v2\/media\/864361"}],"wp:attachment":[{"href":"https:\/\/www.europesays.com\/de\/wp-json\/wp\/v2\/media?parent=864360"}],"wp:term":[{"taxonomy":"category","embeddable":true,"href":"https:\/\/www.europesays.com\/de\/wp-json\/wp\/v2\/categories?post=864360"},{"taxonomy":"post_tag","embeddable":true,"href":"https:\/\/www.europesays.com\/de\/wp-json\/wp\/v2\/tags?post=864360"}],"curies":[{"name":"wp","href":"https:\/\/api.w.org\/{rel}","templated":true}]}}