{"id":864469,"date":"2026-03-13T04:27:43","date_gmt":"2026-03-13T04:27:43","guid":{"rendered":"https:\/\/www.europesays.com\/de\/864469\/"},"modified":"2026-03-13T04:27:43","modified_gmt":"2026-03-13T04:27:43","slug":"unfallkasse-nrw-und-goldbeck-legen-grundstein-fuer-ein-neues-verwaltungsgebaeude-in-muenster-goldbeck-nord-gmbh-niederlassung-muenster-story","status":"publish","type":"post","link":"https:\/\/www.europesays.com\/de\/864469\/","title":{"rendered":"Unfallkasse NRW und Goldbeck legen Grundstein f\u00fcr ein neues Verwaltungsgeb\u00e4ude in M\u00fcnster, GOLDBECK Nord GmbH Niederlassung M\u00fcnster, Story"},"content":{"rendered":"<p><b>Die Unfallkasse Nordrhein-Westfalen modernisiert ihren Standort in M\u00fcnster: Mit der feierlichen Grundsteinlegung beginnt der erste Bauabschnitt des neuen Verwaltungsgeb\u00e4udes f\u00fcr die Regionaldirektion Westfalen-Lippe. Das Projekt entsteht in \u00d6ffentlich-Privater Partnerschaft (\u00d6PP). Die Planung erfolgte durch das Architekturb\u00fcro MAAS &amp; PARTNER, w\u00e4hrend das europaweit t\u00e4tige Bau- und Dienstleistungsunternehmen Goldbeck den Bau und langfristigen Betrieb des Geb\u00e4udes \u00fcber 25 Jahre verantwortet. <\/b><\/p>\n<p>Am Donnerstag legten Vertreterinnen und Vertreter der Unfallkasse NRW, von Goldbeck Public Partner und der Goldbeck-Niederlassung M\u00fcnster gemeinsam mit geladenen G\u00e4sten aus Wirtschaft und Verwaltung den symbolischen Grundstein f\u00fcr den Neubau. Das Bauvorhaben der Unfallkasse NRW wurde \u00fcber eine \u00f6ffentliche Ausschreibung vergeben. Goldbeck ging aus dem Verfahren als Gewinner hervor. Die feierliche Veranstaltung markierte den offiziellen Start der Hochbauphase, in der das bestehende Gel\u00e4nde schrittweise umgestaltet wird. Eine Interimsl\u00f6sung sorgt daf\u00fcr, dass die rund 288 Mitarbeitenden weiterhin am Standort arbeiten k\u00f6nnen. Hierf\u00fcr wurden bestehende B\u00fcrofl\u00e4chen umgebaut und mit zus\u00e4tzlichen Arbeitspl\u00e4tzen ausgestattet. Die Fertigstellung des Neubaus ist f\u00fcr Ende 2027 geplant.<\/p>\n<p>\u201eUnser bisheriges Verwaltungsgeb\u00e4ude aus den siebziger und achtziger Jahren erf\u00fcllt nicht die heutigen Anforderungen an Energieeffizienz, Barrierefreiheit und moderne Arbeitsformen\u201c, erkl\u00e4rt Michael Stock, Gesch\u00e4ftsf\u00fchrer der Unfallkasse NRW. \u201eMit dem Neubau entsteht ein zukunftsf\u00e4higes Geb\u00e4ude, das sich stimmig in die Nachbarschaft einf\u00fcgt.\u201c<\/p>\n<p><b>Moderne Architektur schnell und wirtschaftlich realisiert <\/b><\/p>\n<p>Die Goldbeck-Niederlassung M\u00fcnster realisiert das neue Verwaltungsgeb\u00e4ude in systematisierter Bauweise: Das Unternehmen fertigt wesentliche Bauelemente industriell in eigenen Werken vor und montiert sie anschlie\u00dfend passgenau auf der Baustelle. Dies erm\u00f6glicht eine wirtschaftliche, schnelle und qualitativ hochwertige Umsetzung. Das B\u00fcrogeb\u00e4ude erstreckt sich \u00fcber f\u00fcnf Vollgeschosse plus Technikgeschoss und bietet rund 10.056 Quadratmeter Bruttogrundfl\u00e4che. F\u00fcr die Mitarbeitenden entstehen 220 Arbeitspl\u00e4tze, die neben Shared-Desk-L\u00f6sungen und Aspekten des New Work auch Einzel- und Doppelb\u00fcros umfassen. Das Raumkonzept umfasst zudem Seminar-, Veranstaltungs- und Besprechungsr\u00e4ume f\u00fcr eine flexible Nutzung.<\/p>\n<p><b>Energiegewinnung durch die Geb\u00e4udeh\u00fclle <\/b><\/p>\n<p>Das Architekturb\u00fcro MAAS &amp; PARTNER aus M\u00fcnster hat den Neubau so geplant, dass er sich an den st\u00e4dtebaulichen Urspr\u00fcngen des Standorts und der Hauptverwaltung in D\u00fcsseldorf orientiert. Die Fassade erh\u00e4lt werkseigene Alu-Kassetten aus dem Goldbeck-System. Zudem werden bauwerksintegrierte Photovoltaik-Module (BIPV) installiert. Die BIPV-Module sind Teil der Geb\u00e4udeh\u00fclle und \u00fcbernehmen zugleich Energiegewinnung, Schutzfunktion und architektonische Gestaltung. Dar\u00fcber hinaus erf\u00fcllt das Geb\u00e4ude hohe Anforderungen an Energieeffizienz und Nachhaltigkeit: Mit dem Standard Energiegeb\u00e4ude 40 (EGB 40) liegt der Prim\u00e4renergiebedarf deutlich unter den \u00fcblichen Neubauanforderungen. Das Geb\u00e4ude ist vollst\u00e4ndig barrierefrei, entspricht dem Goldzertifikat der Deutschen Gesellschaft f\u00fcr Nachhaltiges Bauen (DGNB) und verf\u00fcgt \u00fcber eine begr\u00fcnte Dachfl\u00e4che, die \u00f6kologische Vielfalt f\u00f6rdert und das Mikroklima verbessert.<\/p>\n<p><b>Standort bekommt eine neue Adresse <\/b><\/p>\n<p>Durch die Neugestaltung des Eingangsbereichs erh\u00e4lt der Standort eine neue Adresse an der Regina-Protmann-Stra\u00dfe, da der Eingang k\u00fcnftig auf der R\u00fcckseite des bisherigen Geb\u00e4udes an der Salzmannstra\u00dfe liegt. Der erste Teil der Bestandsgeb\u00e4ude wurde bereits bis Februar abgerissen, um Platz f\u00fcr den Neubau zu schaffen. Nach Fertigstellung des Neubaus folgt der Abbruch des zweiten Teils (Interim), bevor die Au\u00dfenanlagen fertiggestellt werden. Bis zum Sommer 2028 ist die Standortmodernisierung abgeschlossen.<\/p>\n<p><b>Verantwortung \u00fcber den Bau hinaus \u00fcbernehmen<\/b><\/p>\n<p>Das Neubauprojekt wird als \u00d6PP-Modell realisiert, wodurch bereits in der Planung die energieeffiziente und nachhaltige Bewirtschaftung der Immobilie f\u00fcr 25 Jahre ber\u00fccksichtigt wurde. Goldbeck Public Partner \u00fcbernimmt Wartung, Instandhaltung, Energiemanagement sowie die Kontrolle der Betriebskosten. \u201eDie enge Abstimmung zwischen unserem Projektteam und der Unfallkasse NRW war entscheidend, um von Anfang an zeitgem\u00e4\u00dfe Architektur, innovative Technik und flexible Nutzung optimal zu verkn\u00fcpfen\u201c, betont Henning G\u00fcttler, Leiter Projektmanagement der Goldbeck Niederlassung M\u00fcnster.<\/p>\n<p>\u201e\u00d6ffentlich-Private Partnerschaften erm\u00f6glichen es, Bau und langfristigen Betrieb von Anfang an gemeinsam zu denken\u201c, sagt Carsten Hense, Gesch\u00e4ftsf\u00fchrer der Goldbeck Public Partner GmbH. \u201eDurch die 25-j\u00e4hrige Zusammenarbeit \u00fcbernehmen wir Verantwortung \u00fcber die Bauphase hinaus \u2013 von Wartung und Instandhaltung bis zum Energiemanagement. So sichern wir dauerhaft eine hohe Geb\u00e4udequalit\u00e4t und planbare Betriebskosten und reduzieren das Nutzerrisiko f\u00fcr unsere f\u00fcr unsere \u00f6ffentlichen Auftraggeber im Bereich von Verwaltungs-, Bildungs- und Sicherheitsbauten.\u201c<\/p>\n","protected":false},"excerpt":{"rendered":"Die Unfallkasse Nordrhein-Westfalen modernisiert ihren Standort in M\u00fcnster: Mit der feierlichen Grundsteinlegung beginnt der erste Bauabschnitt des neuen&hellip;\n","protected":false},"author":2,"featured_media":864470,"comment_status":"","ping_status":"","sticky":false,"template":"","format":"standard","meta":{"footnotes":"","_share_on_mastodon":"0"},"categories":[1843],"tags":[191553,26805,191550,191556,3364,29,6769,191554,30,30704,7508,191555,2437,8970,191552,1209,191551,191549,51985],"class_list":["post-864469","post","type-post","status-publish","format-standard","has-post-thumbnail","category-muenster","tag-architekturtrends","tag-bauabschnitt","tag-bauinnovation","tag-buerodesign","tag-de","tag-deutschland","tag-energiegewinnung","tag-flexible-nutzung","tag-germany","tag-goldbeck","tag-industriebau","tag-kommunikationsraeume","tag-kreislaufwirtschaft","tag-muenster","tag-new-work","tag-nordrhein-westfalen","tag-standortmodernisierung","tag-unfallkasse-nrw","tag-verwaltungsgebaeude"],"share_on_mastodon":{"url":"https:\/\/pubeurope.com\/@de\/116219979088306253","error":""},"_links":{"self":[{"href":"https:\/\/www.europesays.com\/de\/wp-json\/wp\/v2\/posts\/864469","targetHints":{"allow":["GET"]}}],"collection":[{"href":"https:\/\/www.europesays.com\/de\/wp-json\/wp\/v2\/posts"}],"about":[{"href":"https:\/\/www.europesays.com\/de\/wp-json\/wp\/v2\/types\/post"}],"author":[{"embeddable":true,"href":"https:\/\/www.europesays.com\/de\/wp-json\/wp\/v2\/users\/2"}],"replies":[{"embeddable":true,"href":"https:\/\/www.europesays.com\/de\/wp-json\/wp\/v2\/comments?post=864469"}],"version-history":[{"count":0,"href":"https:\/\/www.europesays.com\/de\/wp-json\/wp\/v2\/posts\/864469\/revisions"}],"wp:featuredmedia":[{"embeddable":true,"href":"https:\/\/www.europesays.com\/de\/wp-json\/wp\/v2\/media\/864470"}],"wp:attachment":[{"href":"https:\/\/www.europesays.com\/de\/wp-json\/wp\/v2\/media?parent=864469"}],"wp:term":[{"taxonomy":"category","embeddable":true,"href":"https:\/\/www.europesays.com\/de\/wp-json\/wp\/v2\/categories?post=864469"},{"taxonomy":"post_tag","embeddable":true,"href":"https:\/\/www.europesays.com\/de\/wp-json\/wp\/v2\/tags?post=864469"}],"curies":[{"name":"wp","href":"https:\/\/api.w.org\/{rel}","templated":true}]}}