{"id":864495,"date":"2026-03-13T04:41:14","date_gmt":"2026-03-13T04:41:14","guid":{"rendered":"https:\/\/www.europesays.com\/de\/864495\/"},"modified":"2026-03-13T04:41:14","modified_gmt":"2026-03-13T04:41:14","slug":"eu-staaten-muessen-geschlechtseintraege-fuer-transpersonen-in-register-aendern","status":"publish","type":"post","link":"https:\/\/www.europesays.com\/de\/864495\/","title":{"rendered":"EU-Staaten m\u00fcssen Geschlechtseintr\u00e4ge f\u00fcr Transpersonen in Register \u00e4ndern"},"content":{"rendered":"<p>Der Europ\u00e4ische Gerichtshof (EuGH) <a href=\"https:\/\/www.nau.ch\/news\/europa\/eugh-eu-lander-mussen-ausweise-von-transpersonen-anpassen-67104941\" rel=\"nofollow noopener\" target=\"_blank\">verpflichtet EU-Mitgliedstaaten<\/a>, \u00c4nderungen von Geschlechtseintr\u00e4gen in Personenstandsregistern zu erm\u00f6glichen. Transsexuelle Menschen m\u00fcssen Ausweisdokumente erhalten k\u00f6nnen, die ihrer gelebten Geschlechtsidentit\u00e4t entsprechen.<\/p>\n<p>Zwar liege die Ausstellung von Ausweisen grunds\u00e4tzlich in der Zust\u00e4ndigkeit der Mitgliedstaaten. Weichen Angaben zum Geschlecht in offiziellen Dokumenten jedoch von der tats\u00e4chlich gelebten Geschlechtsidentit\u00e4t ab, k\u00f6nne dies in vielen Alltagssituationen \u00aberhebliche Unannehmlichkeiten\u00bb verursachen, heisst es in einer Mitteilung.<\/p>\n<p>                <img src=\"https:\/\/www.europesays.com\/de\/wp-content\/uploads\/2026\/03\/308695670_highres-1024x657.jpg\" alt=\"OLIVIER HOSLET \/ KEYSTONE\" itemprop=\"contentUrl\" class=\"story-img story-img--landscape\" loading=\"lazy\" decoding=\"async\"\/><\/p>\n<p>                                                    epa05969193 The Rainbow flag (lesbian, gay, bisexual, and transgender, LGBT pride flag) flies next to European flags in front of European council headquarters in Brussels, Belgium, 17 May 2017, on the occasion of the International Day against Homophobia and Transphobia<br \/>\n                                                                            <\/p>\n<p>                                        OLIVIER HOSLET \/ KEYSTONE<\/p>\n<p>Bei Identit\u00e4tskontrollen, Grenz\u00fcbertritten oder im beruflichen Umfeld m\u00fcssten Betroffene unter Umst\u00e4nden Zweifel an ihrer Identit\u00e4t oder an der Echtheit ihrer Dokumente ausr\u00e4umen. Das k\u00f6nne ihre Freiz\u00fcgigkeit innerhalb der EU beeintr\u00e4chtigen.<\/p>\n<p>Ausl\u00f6ser des Urteils ist der Fall einer bulgarischen Staatsangeh\u00f6rigen, die bei der Geburt als m\u00e4nnlich registriert wurde. Sie lebt heute in Italien, begann dort eine Hormontherapie und tritt als Frau auf. Bulgarische Gerichte lehnten ihren Antrag auf \u00c4nderung von Geschlecht, Namen und Identifikationsnummer in der Geburtsurkunde ab. Der Fall geht nun zur\u00fcck an die nationalen Gerichte.<\/p>\n","protected":false},"excerpt":{"rendered":"Der Europ\u00e4ische Gerichtshof (EuGH) verpflichtet EU-Mitgliedstaaten, \u00c4nderungen von Geschlechtseintr\u00e4gen in Personenstandsregistern zu erm\u00f6glichen. Transsexuelle Menschen m\u00fcssen Ausweisdokumente erhalten&hellip;\n","protected":false},"author":2,"featured_media":864496,"comment_status":"","ping_status":"","sticky":false,"template":"","format":"standard","meta":{"footnotes":"","_share_on_mastodon":"0"},"categories":[3933],"tags":[331,332,1098,548,30963,663,158,3934,3935,1724,13,80,14,15,16,1009,12],"class_list":["post-864495","post","type-post","status-publish","format-standard","has-post-thumbnail","category-eu","tag-aktuelle-nachrichten","tag-aktuelle-news","tag-buerokratie","tag-eu","tag-eugh","tag-europa","tag-europaeische-union","tag-europe","tag-european-union","tag-gesellschaft","tag-headlines","tag-kultur","tag-nachrichten","tag-news","tag-politik","tag-recht","tag-schlagzeilen"],"share_on_mastodon":{"url":"https:\/\/pubeurope.com\/@de\/116220034067108098","error":""},"_links":{"self":[{"href":"https:\/\/www.europesays.com\/de\/wp-json\/wp\/v2\/posts\/864495","targetHints":{"allow":["GET"]}}],"collection":[{"href":"https:\/\/www.europesays.com\/de\/wp-json\/wp\/v2\/posts"}],"about":[{"href":"https:\/\/www.europesays.com\/de\/wp-json\/wp\/v2\/types\/post"}],"author":[{"embeddable":true,"href":"https:\/\/www.europesays.com\/de\/wp-json\/wp\/v2\/users\/2"}],"replies":[{"embeddable":true,"href":"https:\/\/www.europesays.com\/de\/wp-json\/wp\/v2\/comments?post=864495"}],"version-history":[{"count":0,"href":"https:\/\/www.europesays.com\/de\/wp-json\/wp\/v2\/posts\/864495\/revisions"}],"wp:featuredmedia":[{"embeddable":true,"href":"https:\/\/www.europesays.com\/de\/wp-json\/wp\/v2\/media\/864496"}],"wp:attachment":[{"href":"https:\/\/www.europesays.com\/de\/wp-json\/wp\/v2\/media?parent=864495"}],"wp:term":[{"taxonomy":"category","embeddable":true,"href":"https:\/\/www.europesays.com\/de\/wp-json\/wp\/v2\/categories?post=864495"},{"taxonomy":"post_tag","embeddable":true,"href":"https:\/\/www.europesays.com\/de\/wp-json\/wp\/v2\/tags?post=864495"}],"curies":[{"name":"wp","href":"https:\/\/api.w.org\/{rel}","templated":true}]}}