{"id":86461,"date":"2025-05-05T13:50:08","date_gmt":"2025-05-05T13:50:08","guid":{"rendered":"https:\/\/www.europesays.com\/de\/86461\/"},"modified":"2025-05-05T13:50:08","modified_gmt":"2025-05-05T13:50:08","slug":"konzertwochenende-im-musikforum-bochum-tourismus","status":"publish","type":"post","link":"https:\/\/www.europesays.com\/de\/86461\/","title":{"rendered":"Konzertwochenende im Musikforum \u2013 Bochum Tourismus"},"content":{"rendered":"<p class=\"lead\">Am kommenden Wochenende finden zwei kostenlose Konzerte der Musikschule Bochum im Anneliese Brost Musikforum Ruhr, Marienplatz 1, statt.\u00a0<\/p>\n<p>Am Freitag, 9. Mai, findet um 18 Uhr das Konzert der studienvorbereitenden Ausbildung statt. Hier treten Sch\u00fclerinnen und Sch\u00fcler, die gerade Aufnahmepr\u00fcfungen an Musikhochschulen bestreiten oder sich darauf vorbereiten, mit ganz unterschiedlichen Instrumenten auf.\u00a0<\/p>\n<p>Am Sonntag, 11. Mai, beginnt die Matinee \u201eMelodien in Harmonie\u201c um 11 Uhr. Ein Hauch von Nostalgie, eine Prise Musical-Glamour und die unvergesslichen Kl\u00e4nge der gro\u00dfen Film- und Schlagerklassiker \u2013 all das vereinen die Akkordeonensembles der Musikschule Bochum. Zu Gast sind die S\u00e4ngerinnen Celine Wakayama und Caroline K\u00fchn. Es spielen die Akkordeonensembles \u201ecisis\u201c und \u201ed\u2019accord\u201c unter der Leitung von Ute V\u00f6lker.<\/p>\n","protected":false},"excerpt":{"rendered":"Am kommenden Wochenende finden zwei kostenlose Konzerte der Musikschule Bochum im Anneliese Brost Musikforum Ruhr, Marienplatz 1, statt.\u00a0&hellip;\n","protected":false},"author":2,"featured_media":86462,"comment_status":"","ping_status":"","sticky":false,"template":"","format":"standard","meta":{"footnotes":""},"categories":[1839],"tags":[7507,3364,29,30,1310,36019,1116,1209],"class_list":{"0":"post-86461","1":"post","2":"type-post","3":"status-publish","4":"format-standard","5":"has-post-thumbnail","7":"category-bochum","8":"tag-bochum","9":"tag-de","10":"tag-deutschland","11":"tag-germany","12":"tag-konzert","13":"tag-musikforum","14":"tag-musikschule","15":"tag-nordrhein-westfalen"},"share_on_mastodon":{"url":"https:\/\/pubeurope.com\/@de\/114455551927083959","error":""},"_links":{"self":[{"href":"https:\/\/www.europesays.com\/de\/wp-json\/wp\/v2\/posts\/86461","targetHints":{"allow":["GET"]}}],"collection":[{"href":"https:\/\/www.europesays.com\/de\/wp-json\/wp\/v2\/posts"}],"about":[{"href":"https:\/\/www.europesays.com\/de\/wp-json\/wp\/v2\/types\/post"}],"author":[{"embeddable":true,"href":"https:\/\/www.europesays.com\/de\/wp-json\/wp\/v2\/users\/2"}],"replies":[{"embeddable":true,"href":"https:\/\/www.europesays.com\/de\/wp-json\/wp\/v2\/comments?post=86461"}],"version-history":[{"count":0,"href":"https:\/\/www.europesays.com\/de\/wp-json\/wp\/v2\/posts\/86461\/revisions"}],"wp:featuredmedia":[{"embeddable":true,"href":"https:\/\/www.europesays.com\/de\/wp-json\/wp\/v2\/media\/86462"}],"wp:attachment":[{"href":"https:\/\/www.europesays.com\/de\/wp-json\/wp\/v2\/media?parent=86461"}],"wp:term":[{"taxonomy":"category","embeddable":true,"href":"https:\/\/www.europesays.com\/de\/wp-json\/wp\/v2\/categories?post=86461"},{"taxonomy":"post_tag","embeddable":true,"href":"https:\/\/www.europesays.com\/de\/wp-json\/wp\/v2\/tags?post=86461"}],"curies":[{"name":"wp","href":"https:\/\/api.w.org\/{rel}","templated":true}]}}