{"id":864797,"date":"2026-03-13T07:34:12","date_gmt":"2026-03-13T07:34:12","guid":{"rendered":"https:\/\/www.europesays.com\/de\/864797\/"},"modified":"2026-03-13T07:34:12","modified_gmt":"2026-03-13T07:34:12","slug":"dresdner-brunnen-werden-dieses-jahr-sprudeln","status":"publish","type":"post","link":"https:\/\/www.europesays.com\/de\/864797\/","title":{"rendered":"Dresdner Brunnen werden dieses Jahr sprudeln"},"content":{"rendered":"<p>Nach der Posse im vergangenen Jahr werden die Brunnen in Dresden dieses Jahr sprudeln. Der Start ist f\u00fcr Anfang Mai geplant, teilte die Stadtverwaltung auf Nachfrage von Team Zastrow mit.\u00a0<\/p>\n<p>Letztes Jahr wollte Umweltb\u00fcrgermeisterin Eva J\u00e4hnigen die Wasserspiele aus Spargr\u00fcnden nicht einschalten. Erst nach massiver Kritik lenkte sie ein. \u00a0<\/p>\n<p>\u201eDie Inbetriebnahme der Brunnen in der Verwaltung der Landeshauptstadt Dresden beginnt Anfang Mai. Die Au\u00dferbetriebnahme wird Anfang September koordiniert werden\u201c,, hei\u00dft es aus dem Rathaus. Im guten Beamtendeutsch soll das wohl hei\u00dfen, dass in diesem Jahr die Brunnen planm\u00e4\u00dfig laufen.<br \/>\u00a0<\/p>\n","protected":false},"excerpt":{"rendered":"Nach der Posse im vergangenen Jahr werden die Brunnen in Dresden dieses Jahr sprudeln. Der Start ist f\u00fcr&hellip;\n","protected":false},"author":2,"featured_media":864798,"comment_status":"","ping_status":"","sticky":false,"template":"","format":"standard","meta":{"footnotes":"","_share_on_mastodon":"0"},"categories":[1835],"tags":[3364,29,2386,30,859],"class_list":["post-864797","post","type-post","status-publish","format-standard","has-post-thumbnail","category-dresden","tag-de","tag-deutschland","tag-dresden","tag-germany","tag-sachsen"],"share_on_mastodon":{"url":"https:\/\/pubeurope.com\/@de\/116220714586435507","error":""},"_links":{"self":[{"href":"https:\/\/www.europesays.com\/de\/wp-json\/wp\/v2\/posts\/864797","targetHints":{"allow":["GET"]}}],"collection":[{"href":"https:\/\/www.europesays.com\/de\/wp-json\/wp\/v2\/posts"}],"about":[{"href":"https:\/\/www.europesays.com\/de\/wp-json\/wp\/v2\/types\/post"}],"author":[{"embeddable":true,"href":"https:\/\/www.europesays.com\/de\/wp-json\/wp\/v2\/users\/2"}],"replies":[{"embeddable":true,"href":"https:\/\/www.europesays.com\/de\/wp-json\/wp\/v2\/comments?post=864797"}],"version-history":[{"count":0,"href":"https:\/\/www.europesays.com\/de\/wp-json\/wp\/v2\/posts\/864797\/revisions"}],"wp:featuredmedia":[{"embeddable":true,"href":"https:\/\/www.europesays.com\/de\/wp-json\/wp\/v2\/media\/864798"}],"wp:attachment":[{"href":"https:\/\/www.europesays.com\/de\/wp-json\/wp\/v2\/media?parent=864797"}],"wp:term":[{"taxonomy":"category","embeddable":true,"href":"https:\/\/www.europesays.com\/de\/wp-json\/wp\/v2\/categories?post=864797"},{"taxonomy":"post_tag","embeddable":true,"href":"https:\/\/www.europesays.com\/de\/wp-json\/wp\/v2\/tags?post=864797"}],"curies":[{"name":"wp","href":"https:\/\/api.w.org\/{rel}","templated":true}]}}