{"id":864801,"date":"2026-03-13T07:36:15","date_gmt":"2026-03-13T07:36:15","guid":{"rendered":"https:\/\/www.europesays.com\/de\/864801\/"},"modified":"2026-03-13T07:36:15","modified_gmt":"2026-03-13T07:36:15","slug":"der-weyher-gewerbering-lockt-mit-candybar-und-italienischen-spezialitaeten","status":"publish","type":"post","link":"https:\/\/www.europesays.com\/de\/864801\/","title":{"rendered":"Der Weyher Gewerbering lockt mit Candybar und italienischen Spezialit\u00e4ten"},"content":{"rendered":"<ol class=\"id-DonaldBreadcrumb lp_west_breadcrumb id-DonaldBreadcrumb--default\" data-k5a-pos=\"west_breadcrumb\">\n<li class=\"id-Breadcrumb-item\"><a href=\"https:\/\/www.kreiszeitung.de\/\" class=\"id-Breadcrumb-link\" data-id-ec=\"{\" shn=\"\" textlink=\"\" data-k5a-pos=\"1_startseite\" rel=\"nofollow noopener\" target=\"_blank\">Startseite<\/a><\/li>\n<li class=\"id-Breadcrumb-item\"><a href=\"https:\/\/www.kreiszeitung.de\/lokales\/\" class=\"id-Breadcrumb-link\" data-id-ec=\"{\" shn=\"\" textlink=\"\" data-k5a-pos=\"2_lokales\" rel=\"nofollow noopener\" target=\"_blank\">Lokales<\/a><\/li>\n<li class=\"id-Breadcrumb-item\"><a href=\"https:\/\/www.kreiszeitung.de\/lokales\/diepholz\/\" class=\"id-Breadcrumb-link\" data-id-ec=\"{\" shn=\"\" textlink=\"\" diepholz=\"\" data-k5a-pos=\"3_landkreisDiepholz\" rel=\"nofollow noopener\" target=\"_blank\">Landkreis Diepholz<\/a><\/li>\n<li class=\"id-Breadcrumb-item\"><a href=\"https:\/\/www.kreiszeitung.de\/lokales\/diepholz\/weyhe-ort54198\/\" class=\"id-Breadcrumb-link\" data-id-ec=\"{\" shn=\"\" textlink=\"\" data-k5a-pos=\"4_weyhe\" rel=\"nofollow noopener\" target=\"_blank\">Weyhe<\/a><\/li>\n<\/ol>\n<p class=\"id-Story-timestamp id-Story-timestamp--default\">Stand: 12.03.2026, 19:01 Uhr<\/p>\n<p class=\"id-Story-authors id-Story-authors--default\">Von: <a class=\"id-Story-authors-link lp_west_author\" href=\"https:\/\/www.kreiszeitung.de\/autor\/theresa-melnyk-cy9cu0o4.html\" title=\"Zur Autorenseite von Theresa Melnyk\" data-id-ec=\"{\" shn=\"\" author-link=\"\" melnyk=\"\" data-k5a-pos=\"west_author\" rel=\"nofollow noopener\" target=\"_blank\">Theresa Melnyk<\/a><\/p>\n<p class=\"id-Story-interactionBar id-Story-interactionBar--default\">DruckenTeilen<\/p>\n<p><img decoding=\"async\" class=\"id-RatioPlaceholder-element wv_story_el_image\" src=\"https:\/\/www.europesays.com\/de\/wp-content\/uploads\/2026\/03\/41843972-frank-seidel-jasmin-lindenthal-jana-grammel-und-sascha-kirchner-x7a.jpg\" loading=\"eager\" fetchpriority=\"high\"   height=\"792\" width=\"1408\" alt=\"Frank Seidel, Jasmin Lindenthal, jana Grammel und Sascha Kirchner.\"\/>Blicken voller Vorfreude auf den Fr\u00fchjahrsmarkt: B\u00fcrgermeister Frank Seidel, Jasmin Lindenthal, Jana Grammel und Sascha Kirchner stellen das Programm f\u00fcr den Markt am 22. M\u00e4rz vor. \u00a9\u00a0Theresa Melnyk<\/p>\n<p class=\"id-StoryElement-leadText\">Am 22. M\u00e4rz findet der Fr\u00fchjahrsmarkt in Kirchweyhe statt. 50 H\u00e4ndler pr\u00e4sentieren zahlreiche Neuheiten auf der Bahnhofsstra\u00dfe.<\/p>\n<p class=\"id-StoryElement-paragraph\">Kirchweyhe \u2013 Manch einer in Kirchweyhe riecht es vielleicht schon: das Schmalzgeb\u00e4ck, die Cr\u00eapes, das frisch gezapfte Bier. Am Sonntag, 22. M\u00e4rz, ist es wieder so weit: Der Weyher Gewerbering l\u00e4dt zum Fr\u00fchjahrsmarkt ein. Von 13 bis 18 Uhr stimmt der Markt mit verkaufsoffenem Sonntag auf die Freiluftsaison ein. \u201eF\u00fcr viele der Beginn, wieder Zeit drau\u00dfen zu verbringen \u2013 ein Warm-up f\u00fcr die Osterwiese\u201c, so der Pressesprecher der <a href=\"https:\/\/www.kreiszeitung.de\/lokales\/diepholz\/weyhe-ort54198\/\" class=\"id-import-Link\" title=\"Weyhe\" data-id-ec=\"{&quot;sht&quot;:&quot;Container&quot;,&quot;shn&quot;:&quot;Story&quot;,&quot;p&quot;:{&quot;containerType&quot;:&quot;Paragraph&quot;,&quot;displayType&quot;:&quot;Paragraph InlineLink&quot;,&quot;type&quot;:&quot;INLINE_LINK&quot;,&quot;value&quot;:&quot;Gemeinde Weyhe&quot;,&quot;variant&quot;:&quot;standardLink&quot;,&quot;sponsored&quot;:false,&quot;linkHref&quot;:&quot;https:\/\/www.kreiszeitung.de\/lokales\/diepholz\/weyhe-ort54198\/&quot;,&quot;storyElementPosition&quot;:8,&quot;storyElementCount&quot;:21}}\" rel=\"nofollow noopener\" target=\"_blank\">Gemeinde Weyhe<\/a>, Sebastian Kelm.<\/p>\n<p class=\"id-StoryElement-paragraph\">Zentrum des Fr\u00fchlingsmarktes sind auch in diesem Jahr die Bahnhofsstra\u00dfe und der Marktplatz. Und: \u201eDas Wetter sieht bombe aus\u201c, fiebert Jana Grammel, Vorsitzende des Weyher Gewerberings, der Outdoor-Veranstaltung entgegen. \u201eWir sind der Opener f\u00fcr die Eventaktionen hier vor Ort und flei\u00dfig am Planen.\u201c Insgesamt 50 H\u00e4ndler haben sich bisher angemeldet.<\/p>\n<p>Viele Neuheiten auf dem Markt<\/p>\n<p class=\"id-StoryElement-paragraph\">In diesem Jahr erwarten die Besucher einige Neuheiten \u2013 auch bedingt durch spontane Absagen, erkl\u00e4rt Sascha Kirchner. Kirchner ist seit f\u00fcnf Jahren Marktmeister beim Weyher Gewerbering (WG). Freuen k\u00f6nnten sich Interessierte deshalb auf eine neue \u201eCandybar\u201c, einen mit zahlreichen S\u00fc\u00dfigkeiten ausgestatteten Verkaufsstand. \u201eDer sieht tats\u00e4chlich wie ein Jahrmarkt aus\u201c, erz\u00e4hlt Kirchner begeistert.<\/p>\n<p class=\"id-StoryElement-paragraph\">Eine weitere Neuerung ist ein Stand der Fahrschule \u201eAkadamie 95\u201c, ans\u00e4ssig an der Bahnhofsstra\u00dfe. \u201eDie sind auf dem Fr\u00fchlingsmarkt vertreten mit einem Reisebus\u201c, so der Marktleiter. \u201eEin Bus, in voller L\u00e4nge, in der Bahnhofsstra\u00dfe.\u201c Viel Neues gibt es auch in Sachen Kulinarik. Besonders italienische Spezialit\u00e4ten stechen auf dem Fr\u00fchlingsmarkt 2026 im Speisenangebot hervor. Besucher k\u00f6nnen sich unter anderem durch italienische Wurstwaren und Backwaren probieren.<\/p>\n<p class=\"id-StoryElement-paragraph\">Auch ein \u201eTiershop\u201c, laut Kirchner bisher selten vertreten, wird an der Bahnhofsstra\u00dfe zu finden sein. Tierische Vierbeiner und ihre Herrchen kommen am 22. M\u00e4rz also ebenfalls auf ihre Kosten. Ein kleiner Stand widmet sich <a href=\"https:\/\/www.landtiere.de\/hunde\/\" class=\"id-import-Link id-pageApi-Link--externalDomain\" title=\"Hunde\" data-id-ec=\"{&quot;sht&quot;:&quot;Container&quot;,&quot;shn&quot;:&quot;Story&quot;,&quot;p&quot;:{&quot;containerType&quot;:&quot;Paragraph&quot;,&quot;displayType&quot;:&quot;Paragraph InlineLink&quot;,&quot;type&quot;:&quot;INLINE_LINK&quot;,&quot;value&quot;:&quot;Hunden&quot;,&quot;variant&quot;:&quot;standardLink&quot;,&quot;sponsored&quot;:false,&quot;linkHref&quot;:&quot;https:\/\/www.landtiere.de\/hunde\/&quot;,&quot;storyElementPosition&quot;:15,&quot;storyElementCount&quot;:21}}\" rel=\"nofollow noopener\" target=\"_blank\">Hunden<\/a>, Katzen und anderen Haustieren. \u201eDas ist sonst immer hinten heruntergefallen\u201c, sagt der Marktmeister. Aus dem Bereich der Blaulichtorganisationen ist die Feuerwehr mit dabei, au\u00dferdem stellt die \u00f6rtliche DLRG-Ortsgruppe ihre Arbeit vor.<\/p>\n<p class=\"id-StoryElement-paragraph\">Ein weiterer Verein und ganz neu auf dem Markt ist der Sudweyher Bahnhof. \u201eDie bauen richtig gro\u00df auf.\u201c Auch der Naturschutzbund (Nabu), das Klimanetzwerk und B-Native pr\u00e4sentieren sich. Gleiches gilt f\u00fcr zahlreiche kleine Handwerkerst\u00e4nde. \u201eDie werden immer mehr\u201c, so Kirchner.<\/p>\n<p>Kinderflohmarkt und Parksituation<\/p>\n<p class=\"id-StoryElement-paragraph\">Gro\u00dfer Andrang d\u00fcrfte bei der Kinderattraktion, einem \u201eBungee-Trampolin\u201c, zu erwarten sein. Daneben soll es laut Kirchner \u201edie \u00fcblichen Attraktionen\u201c wie Ballwerfen oder Entenangeln geben. F\u00fcr Kinder, die ihre alten Spielsachen oder Selbstgemachtes verkaufen wollen, sind Flohmarktst\u00e4nde vorgesehen. Damit die kleinen Marktbesucher verkaufen k\u00f6nnen, ist eine Anmeldung bei Sascha Kirchner unter Telefon 0172\/4118103 notwendig.<\/p>\n<p class=\"id-StoryElement-paragraph\">Wichtig zu erw\u00e4hnen, so Vorsitzende Grammel, sei zudem die Parksituation. F\u00fcr die Veranstaltung wird die Bahnhofsstra\u00dfe gesperrt. Auf dem Parkplatz der Rossmann-Filiale am Handelsweg 1 ist das Parken w\u00e4hrend des Marktes nur f\u00fcr 90 Minuten m\u00f6glich. Zu solchen Veranstaltungen geh\u00f6rt auch ein Sicherheitskonzept. Dazu z\u00e4hlt laut Kirchner etwa, Zufahrten zu blockieren, um das Gel\u00e4nde zu sichern.<\/p>\n","protected":false},"excerpt":{"rendered":"Startseite Lokales Landkreis Diepholz Weyhe Stand: 12.03.2026, 19:01 Uhr Von: Theresa Melnyk DruckenTeilen Blicken voller Vorfreude auf den&hellip;\n","protected":false},"author":2,"featured_media":864802,"comment_status":"","ping_status":"","sticky":false,"template":"","format":"standard","meta":{"footnotes":"","_share_on_mastodon":"0"},"categories":[1824],"tags":[2420,3364,29,30],"class_list":["post-864801","post","type-post","status-publish","format-standard","has-post-thumbnail","category-bremen","tag-bremen","tag-de","tag-deutschland","tag-germany"],"share_on_mastodon":{"url":"https:\/\/pubeurope.com\/@de\/116220722397820328","error":""},"_links":{"self":[{"href":"https:\/\/www.europesays.com\/de\/wp-json\/wp\/v2\/posts\/864801","targetHints":{"allow":["GET"]}}],"collection":[{"href":"https:\/\/www.europesays.com\/de\/wp-json\/wp\/v2\/posts"}],"about":[{"href":"https:\/\/www.europesays.com\/de\/wp-json\/wp\/v2\/types\/post"}],"author":[{"embeddable":true,"href":"https:\/\/www.europesays.com\/de\/wp-json\/wp\/v2\/users\/2"}],"replies":[{"embeddable":true,"href":"https:\/\/www.europesays.com\/de\/wp-json\/wp\/v2\/comments?post=864801"}],"version-history":[{"count":0,"href":"https:\/\/www.europesays.com\/de\/wp-json\/wp\/v2\/posts\/864801\/revisions"}],"wp:featuredmedia":[{"embeddable":true,"href":"https:\/\/www.europesays.com\/de\/wp-json\/wp\/v2\/media\/864802"}],"wp:attachment":[{"href":"https:\/\/www.europesays.com\/de\/wp-json\/wp\/v2\/media?parent=864801"}],"wp:term":[{"taxonomy":"category","embeddable":true,"href":"https:\/\/www.europesays.com\/de\/wp-json\/wp\/v2\/categories?post=864801"},{"taxonomy":"post_tag","embeddable":true,"href":"https:\/\/www.europesays.com\/de\/wp-json\/wp\/v2\/tags?post=864801"}],"curies":[{"name":"wp","href":"https:\/\/api.w.org\/{rel}","templated":true}]}}