{"id":865063,"date":"2026-03-13T10:00:29","date_gmt":"2026-03-13T10:00:29","guid":{"rendered":"https:\/\/www.europesays.com\/de\/865063\/"},"modified":"2026-03-13T10:00:29","modified_gmt":"2026-03-13T10:00:29","slug":"franzoesischer-soldat-bei-angriff-im-irak-getoetet-macron-inakzeptabel-politik","status":"publish","type":"post","link":"https:\/\/www.europesays.com\/de\/865063\/","title":{"rendered":"Franz\u00f6sischer Soldat bei Angriff im Irak get\u00f6tet \u2013 Macron: \u201eInakzeptabel\u201c | Politik"},"content":{"rendered":"<p><a class=\"skip-content skip-content--link\" href=\"#in-content-skip-link-target-v-0-0\">TTS-Player \u00fcberspringen\u21b5<\/a><a id=\"in-content-skip-link-target-v-0-0\" class=\"skip-content--target-link-hidden skip-content skip-content--target-link\" href=\"#in-content-skip-link-target-v-0-0\">Artikel weiterlesen<\/a><\/p>\n<p>Paris \u2013 <b>Bei einem Angriff in der autonomen Kurdenregion Erbil im Nordirak wurde ein franz\u00f6sischer Soldat get\u00f6tet, weitere wurden verletzt. Pr\u00e4sident Emmanuel Macron (48) reagiert auf X mit deutlichen Worten. Der Soldat Arnaud Frion sei f\u00fcr Frankreich gefallen. Zugleich stellte er klar: \u201eDer Krieg im Iran kann solche Angriffe nicht rechtfertigen.\u201c<\/b><\/p>\n<p>Der Soldat Frion diente im 7. Bataillon der Gebirgsj\u00e4ger in Varces. Es ist der erste Todesfall eines franz\u00f6sischen Armeeangeh\u00f6rigen im <a href=\"https:\/\/www.bild.de\/news\/ausland\/iran\/thema-iran-alle-infos-80032832.bild.html\" class=\"text-link\" rel=\"nofollow noopener\" target=\"_blank\">Iran<\/a>-Krieg. Bisher gibt es keinen Hinweis darauf, dass zuvor ein anderer europ\u00e4ischer Soldat get\u00f6tet wurde. <a href=\"https:\/\/www.bild.de\/politik\/leute\/emmanuel-macron\/emmanuel-macron-alle-infos-79767278.bild.html\" class=\"text-link\" rel=\"nofollow noopener\" target=\"_blank\">Macron<\/a> nannte die Attacke auf die franz\u00f6sischen Streitkr\u00e4fte \u201einakzeptabel\u201c. Die Soldaten sind im Irak am internationalen Einsatz gegen die Dschihadistenmiliz Islamischer Staat (IS) beteiligt.<\/p>\n<p><img decoding=\"async\" width=\"992\" height=\"558\" alt=\"Feuer und Rauch stiegen nach dem mutma\u00dflichen Drohnenangriff auf den gemeinsamen Milit\u00e4rst\u00fctzpunkt von Peschmerga und Frankreich im Gebiet Makhmour im Gouvernement Erbil auf.\" src=\"https:\/\/www.europesays.com\/de\/wp-content\/uploads\/2026\/03\/538ce733b9b00e9477462a5427a247ee,cb5253bf.jpeg\"   class=\"landscape\" loading=\"lazy\"\/><\/p>\n<p class=\"fig__caption__text\">Feuer und Rauch stiegen nach dem mutma\u00dflichen Drohnenangriff auf den gemeinsamen Milit\u00e4rst\u00fctzpunkt von Peschmerga und Frankreich im Gebiet Makhmour im Gouvernement Erbil auf<\/p>\n<p>Foto: via REUTERS<\/p>\n<p>Zuvor hatte die irakische pro-iranische Gruppe Aschab Alkahf erkl\u00e4rt, franz\u00f6sische Interessen in der Region seien nun Ziele. Frankreich hat im Nordirak nicht nur Soldaten und Milit\u00e4rgel\u00e4nde, sondern auch ein Generalkonsulat. Warum die Gruppe Frankreich laut eigenen Angaben ins Visier nimmt? Weil ein franz\u00f6sischer Flugzeugtr\u00e4ger im \u201eEinsatzgebiet des US-Zentralkommandos\u201c eingetroffen sei. Au\u00dferdem rief Aschab Alkahf \u201eunsere Br\u00fcder in den Sicherheitskr\u00e4ften\u201c auf, sich von einem St\u00fctzpunkt fernzuhalten, in dem sich nach ihren Angaben franz\u00f6sische Truppen aufhielten. Den Angriff in Erbil reklamierte die Gruppe zun\u00e4chst nicht f\u00fcr sich.<\/p>\n<p>Doppelter Drohnenangriff w\u00e4hrend Training<\/p>\n<p>Die Nachrichtenagentur AFP berichtete unter Berufung auf den Generalstab der franz\u00f6sischen Armee, dass bei einem Drohnenangriff in der Region Erbil sechs franz\u00f6sische Soldaten verletzt worden seien. Der Angriff habe sich ereignet, w\u00e4hrend die franz\u00f6sischen Soldaten gemeinsam mit irakischen Partnern Anti-Terror-Eins\u00e4tze trainierten. Nach Angaben des Gouverneurs von Erbil setzten die Angreifer zwei Drohnen ein. Ziel war eine Milit\u00e4rbasis in Mala Kara, rund 40 Kilometer s\u00fcdwestlich von Erbil, der Hauptstadt der autonomen Kurdenregion im Nordirak.<\/p>\n<p>Mehr zum Thema<\/p>\n<p>Bereits am Donnerstag traf eine Drohne einen italienischen Milit\u00e4rst\u00fctzpunkt in Erbil. Verletzt wurde niemand. Die Regierung in Rom k\u00fcndigte danach an, ihre Soldaten von dem St\u00fctzpunkt vorl\u00e4ufig abzuziehen.<\/p>\n","protected":false},"excerpt":{"rendered":"TTS-Player \u00fcberspringen\u21b5Artikel weiterlesen Paris \u2013 Bei einem Angriff in der autonomen Kurdenregion Erbil im Nordirak wurde ein franz\u00f6sischer&hellip;\n","protected":false},"author":2,"featured_media":865064,"comment_status":"","ping_status":"","sticky":false,"template":"","format":"standard","meta":{"footnotes":"","_share_on_mastodon":"0"},"categories":[3974],"tags":[331,332,1018,1478,1356,548,663,3934,3980,156,13,1016,345,36002,138,14,5796,19462,15,12,138370,45,64],"class_list":["post-865063","post","type-post","status-publish","format-standard","has-post-thumbnail","category-frankreich","tag-aktuelle-nachrichten","tag-aktuelle-news","tag-bagdad","tag-drohne","tag-emmanuel-macron","tag-eu","tag-europa","tag-europe","tag-france","tag-frankreich","tag-headlines","tag-irak","tag-iran","tag-isis","tag-kurden","tag-nachrichten","tag-naher-osten","tag-nahost-konflikt","tag-news","tag-schlagzeilen","tag-team-first","tag-texttospeech","tag-usa"],"share_on_mastodon":{"url":"https:\/\/pubeurope.com\/@de\/116221288632487021","error":""},"_links":{"self":[{"href":"https:\/\/www.europesays.com\/de\/wp-json\/wp\/v2\/posts\/865063","targetHints":{"allow":["GET"]}}],"collection":[{"href":"https:\/\/www.europesays.com\/de\/wp-json\/wp\/v2\/posts"}],"about":[{"href":"https:\/\/www.europesays.com\/de\/wp-json\/wp\/v2\/types\/post"}],"author":[{"embeddable":true,"href":"https:\/\/www.europesays.com\/de\/wp-json\/wp\/v2\/users\/2"}],"replies":[{"embeddable":true,"href":"https:\/\/www.europesays.com\/de\/wp-json\/wp\/v2\/comments?post=865063"}],"version-history":[{"count":0,"href":"https:\/\/www.europesays.com\/de\/wp-json\/wp\/v2\/posts\/865063\/revisions"}],"wp:featuredmedia":[{"embeddable":true,"href":"https:\/\/www.europesays.com\/de\/wp-json\/wp\/v2\/media\/865064"}],"wp:attachment":[{"href":"https:\/\/www.europesays.com\/de\/wp-json\/wp\/v2\/media?parent=865063"}],"wp:term":[{"taxonomy":"category","embeddable":true,"href":"https:\/\/www.europesays.com\/de\/wp-json\/wp\/v2\/categories?post=865063"},{"taxonomy":"post_tag","embeddable":true,"href":"https:\/\/www.europesays.com\/de\/wp-json\/wp\/v2\/tags?post=865063"}],"curies":[{"name":"wp","href":"https:\/\/api.w.org\/{rel}","templated":true}]}}