{"id":86511,"date":"2025-05-05T14:19:13","date_gmt":"2025-05-05T14:19:13","guid":{"rendered":"https:\/\/www.europesays.com\/de\/86511\/"},"modified":"2025-05-05T14:19:13","modified_gmt":"2025-05-05T14:19:13","slug":"rb-leipzig-comeback-verzoegert-sich-willi-orban-droht-saison-aus-sport","status":"publish","type":"post","link":"https:\/\/www.europesays.com\/de\/86511\/","title":{"rendered":"RB Leipzig: Comeback verz\u00f6gert sich! Willi Orban droht Saison-Aus | Sport"},"content":{"rendered":"<p>Sein Comeback l\u00e4sst auf sich warten&#8230;<\/p>\n<p><b>Seit mittlerweile vier Spielen fehlt Leipzig-Kapit\u00e4n Willi Orban (32). Der Abwehrchef plagt sich mit hartn\u00e4ckigen Problemen im linken hinteren Oberschenkel herum. Nicht ausgeschlossen, dass er in dieser Saison gar nicht mehr zum Einsatz kommt.<\/b><\/p>\n<p>Lesen Sie auch<\/p>\n<p>\u201eIch mache zwar Fortschritte, aber leider nicht so schnell, wie ich es mir gew\u00fcnscht h\u00e4tte\u201c, sagte Orban am Rande des \u201eWings for Life World Run\u201c.<\/p>\n<p><b>Der verletzte RB-Anf\u00fchrer bleibt vage: \u201eEs sind noch zwei Spiele. Ich hoffe, dass ich zumindest noch in einem Spiel mitmachen kann.\u201c<\/b><\/p>\n<p>Hei\u00dft \u00fcbersetzt: Das letzte Ausw\u00e4rtsspiel am Samstag (15.30 Uhr) in Bremen kommt f\u00fcr Orban schon mal zu fr\u00fch. <\/p>\n<p><img decoding=\"async\" width=\"992\" height=\"1178\" alt=\"Trainer Zsolt L\u00f6w (46, r.) muss weiter auf seinen Kapit\u00e4n verzichten\" src=\"https:\/\/www.europesays.com\/de\/wp-content\/uploads\/2025\/05\/c38ad73f07f2a97f6d73ec4b151db7c8,31889f5e\"   class=\"portrait\" loading=\"lazy\"\/><\/p>\n<p class=\"fig__caption__text\">Trainer Zsolt L\u00f6w (46, r.) muss weiter auf seinen Kapit\u00e4n verzichten<\/p>\n<p>Foto: RONNY HARTMANN\/AFP<\/p>\n<p><b>Damit es m\u00f6glicherweise noch etwas mit dem Liga-Abschluss gegen Stuttgart wird (17. Mai) wird, arbeitete der Innenverteidiger nach BILD-Informationen auch am freien Montag im Kraftraum f\u00fcr seine Rasen-R\u00fcckkehr.<\/b><\/p>\n<p>Zum <a href=\"https:\/\/www.bild.de\/sport\/fussball\/bundesliga-bei-ihm-laeufts-nicht-frust-bei-juergen-klopp-im-englischen-garten-68175cd812ee6b68d1b885fb\" class=\"text-link\" target=\"_blank\" rel=\"noopener\">\u00f6ffentlichen Training am Dienstag<\/a> (14.30 Uhr) d\u00fcrfte er dennoch weiter nur allein schwitzen. Sein Nationalmannschaftskollege Peter Gulacsi (34) sollte dagegen wieder voll mit dem Team trainieren.<\/p>\n<p>Nach \u00fcberstandener Gehirnersch\u00fctterung wurde der Ungar zuletzt gegen Bayern (3:3) noch geschont.<\/p>\n<p>5. Neuzugang f\u00fcr Leipzig-Frauen<\/p>\n<p>Der Kader-Umbruch bei den Bundesliga-Frauen von <a href=\"https:\/\/www.bild.de\/sport\/fussball\/rb-leipzig\/startseite-leipzig-31148870.bild.html\" class=\"text-link\" target=\"_blank\" rel=\"noopener\">RB Leipzig<\/a> geht weiter. Mit Persis Oteng (20) steht bereits der f\u00fcnfte Sommerneuzugang fest. Die St\u00fcrmerin kommt von der U21 von England-Klub Tottenham, unterschreibt bis Juni 2028.<\/p>\n<p>Bei ihm l\u00e4uft\u2019s nicht &#8230; : Klopp postet Frust-Video<a href=\"https:\/\/www.bild.de\/sport\/fussball\/bei-ihm-laeufts-nicht-klopp-postet-frust-video-6817c05312ee6b68d1b88a07\" class=\"anchor\" target=\"_blank\" rel=\"noopener\"><img decoding=\"async\" width=\"992\" height=\"558\" alt=\"Teaser-Bild\" src=\"https:\/\/www.europesays.com\/de\/wp-content\/uploads\/2025\/05\/a872ab339769bb4803ccc558719a8dd0,3298a5af\"   class=\"landscape teaser__image\" loading=\"lazy\"\/><\/a><\/p>\n<p>Quelle: BILD\/Sten Hornig ; Instagram @j\u00fcrgenklopp05.05.2025<\/p>\n<p><b>Sportchefin Viola Odebrecht (42): \u201eMit Persis Oteng haben wir eine hochtalentierte und ehrgeizige Spielerin f\u00fcr RB Leipzig gewinnen und langfristig an uns binden k\u00f6nnen. Persis \u00fcberzeugt durch ihre Qualit\u00e4ten im Abschluss, ihren Zug zum Tor und ihr Tempo.\u201c<\/b><\/p>\n<p>Die in Oberhausen geborene Oteng war in London, wo sie im Alter von elf Jahren hingezogen ist, mit 26 Toren die treffsicherste Offensivkraft in dieser Saison. <\/p>\n","protected":false},"excerpt":{"rendered":"Sein Comeback l\u00e4sst auf sich warten&#8230; Seit mittlerweile vier Spielen fehlt Leipzig-Kapit\u00e4n Willi Orban (32). Der Abwehrchef plagt&hellip;\n","protected":false},"author":2,"featured_media":86512,"comment_status":"","ping_status":"","sticky":false,"template":"","format":"standard","meta":{"footnotes":""},"categories":[1832],"tags":[3364,29,538,30,71,13555,1655,859,3460,4581,45],"class_list":{"0":"post-86511","1":"post","2":"type-post","3":"status-publish","4":"format-standard","5":"has-post-thumbnail","7":"category-leipzig","8":"tag-de","9":"tag-deutschland","10":"tag-erste-bundesliga","11":"tag-germany","12":"tag-leipzig","13":"tag-orban-willi","14":"tag-rb-leipzig","15":"tag-sachsen","16":"tag-sport-leuchtturm-leipzig","17":"tag-sport-tag-im-ticker","18":"tag-texttospeech"},"share_on_mastodon":{"url":"https:\/\/pubeurope.com\/@de\/114455666038107142","error":""},"_links":{"self":[{"href":"https:\/\/www.europesays.com\/de\/wp-json\/wp\/v2\/posts\/86511","targetHints":{"allow":["GET"]}}],"collection":[{"href":"https:\/\/www.europesays.com\/de\/wp-json\/wp\/v2\/posts"}],"about":[{"href":"https:\/\/www.europesays.com\/de\/wp-json\/wp\/v2\/types\/post"}],"author":[{"embeddable":true,"href":"https:\/\/www.europesays.com\/de\/wp-json\/wp\/v2\/users\/2"}],"replies":[{"embeddable":true,"href":"https:\/\/www.europesays.com\/de\/wp-json\/wp\/v2\/comments?post=86511"}],"version-history":[{"count":0,"href":"https:\/\/www.europesays.com\/de\/wp-json\/wp\/v2\/posts\/86511\/revisions"}],"wp:featuredmedia":[{"embeddable":true,"href":"https:\/\/www.europesays.com\/de\/wp-json\/wp\/v2\/media\/86512"}],"wp:attachment":[{"href":"https:\/\/www.europesays.com\/de\/wp-json\/wp\/v2\/media?parent=86511"}],"wp:term":[{"taxonomy":"category","embeddable":true,"href":"https:\/\/www.europesays.com\/de\/wp-json\/wp\/v2\/categories?post=86511"},{"taxonomy":"post_tag","embeddable":true,"href":"https:\/\/www.europesays.com\/de\/wp-json\/wp\/v2\/tags?post=86511"}],"curies":[{"name":"wp","href":"https:\/\/api.w.org\/{rel}","templated":true}]}}