{"id":865367,"date":"2026-03-13T12:48:15","date_gmt":"2026-03-13T12:48:15","guid":{"rendered":"https:\/\/www.europesays.com\/de\/865367\/"},"modified":"2026-03-13T12:48:15","modified_gmt":"2026-03-13T12:48:15","slug":"flixbus-fernbusfahrer-gibt-im-prozess-um-toedlichen-unfall-fehler-zu","status":"publish","type":"post","link":"https:\/\/www.europesays.com\/de\/865367\/","title":{"rendered":"FlixBus: Fernbusfahrer gibt im Prozess um t\u00f6dlichen Unfall Fehler zu"},"content":{"rendered":"<p class=\"paragraph article__item\">Im Prozess um den t\u00f6dlichen Unfall eines Fernbusses auf der A9 bei<br \/>\n<a href=\"https:\/\/www.zeit.de\/thema\/leipzig\" target=\"_blank\" rel=\"nofollow noopener\">Leipzig<\/a> vor knapp zwei Jahren hat der Busfahrer einen Fehler einger\u00e4umt.<br \/>\n Die Staatsanwaltschaft wirft dem 64-J\u00e4hrigen vor, den Unfall fahrl\u00e4ssig<br \/>\n verursacht zu haben. Der Sachverhalt, so wie er von der<br \/>\nStaatsanwaltschaft in der Anklage dargestellt wird, sei &#8222;vollumf\u00e4nglich<br \/>\nzutreffend&#8220;, sagte der Anwalt des Busfahrers. Die Staatsanwaltschaft geht davon aus, dass der Mann die &#8222;im Verkehr<br \/>\nerforderliche Sorgfalt&#8220; vermissen lie\u00df und dadurch den Unfall verursacht<br \/>\n hat.\n<\/p>\n<p class=\"paragraph article__item\">&#8222;Es tut<br \/>\n ihm unendlich leid, was passiert ist. Er w\u00fcrde die Zeit gerne<br \/>\nzur\u00fcckdrehen, er kann es nicht&#8220;, sagte der Anwalt des aus Tschechien<br \/>\nstammenden Busfahrers. Sein Mandant sei kein Risikofahrer gewesen.<br \/>\n\u00dcberm\u00fcdung, Alkohol oder Drogen h\u00e4tten keine Rolle gespielt. &#8222;Es handelt<br \/>\n sich um ein einmaliges fahrl\u00e4ssiges Fehlverhalten&#8220;, sagte der Anwalt.\n<\/p>\n<p>        Vier Tote durch Unfall        <\/p>\n<p class=\"paragraph article__item\">Der<br \/>\n Fernbus sollte am 27. M\u00e4rz 2024 von Berlin nach Z\u00fcrich fahren. Bei fast<br \/>\n 100 km\/h geriet der Bus n\u00f6rdlich von <a class=\"rtr-entity\" href=\"https:\/\/www.zeit.de\/thema\/leipzig\" rel=\"nofollow noopener\" target=\"_blank\">Leipzig<\/a> ins Schleudern, fuhr eine<br \/>\nknapp zwei Meter hohe B\u00f6schung hinab und kippte auf die rechte Seite.<br \/>\nVier Frauen in dem <a href=\"https:\/\/www.zeit.de\/thema\/flixbus\" target=\"_blank\" rel=\"nofollow noopener\">FlixBus<\/a> starben. 46 weitere Fahrg\u00e4ste wurden zum Teil schwer verletzt.\n<\/p>\n<p class=\"paragraph article__item\">Erst nach drei Stunden konnte das verungl\u00fcckte Fahrzeug mithilfe von Gurten aufgerichtet und die Toten sowie Verletzten aus dem Innenraum geholt werden. Dabei hatten mobile Sichtschutzw\u00e4nde die Aktion abgeschirmt. Krankenh\u00e4user in der Umgebung hatten sich f\u00fcr einen Gro\u00dfeinsatz gewappnet, um Patienten aufzunehmen.\n<\/p>\n<p class=\"paragraph article__item\">Die<br \/>\n Staatsanwaltschaft hat den Busfahrer vor dem Amtsgericht Eilenburg<br \/>\nwegen fahrl\u00e4ssiger T\u00f6tung und fahrl\u00e4ssiger K\u00f6rperverletzung angeklagt.<br \/>\nWegen eines gr\u00f6\u00dferen Saals wird jedoch im Landgericht Leipzig<br \/>\nverhandelt. F\u00fcr den Prozess ist nur ein Verhandlungstag geplant.<\/p>\n","protected":false},"excerpt":{"rendered":"Im Prozess um den t\u00f6dlichen Unfall eines Fernbusses auf der A9 bei Leipzig vor knapp zwei Jahren hat&hellip;\n","protected":false},"author":2,"featured_media":865368,"comment_status":"","ping_status":"","sticky":false,"template":"","format":"standard","meta":{"footnotes":"","_share_on_mastodon":"0"},"categories":[5],"tags":[331,332,5543,3364,29,7244,3185,30,13,71,1466,14,15,12],"class_list":["post-865367","post","type-post","status-publish","format-standard","has-post-thumbnail","category-nachrichten","tag-aktuelle-nachrichten","tag-aktuelle-news","tag-autobahn","tag-de","tag-deutschland","tag-flixbus","tag-gerichtsverfahren","tag-germany","tag-headlines","tag-leipzig","tag-mobilitaet","tag-nachrichten","tag-news","tag-schlagzeilen"],"share_on_mastodon":{"url":"https:\/\/pubeurope.com\/@de\/116221949302760433","error":""},"_links":{"self":[{"href":"https:\/\/www.europesays.com\/de\/wp-json\/wp\/v2\/posts\/865367","targetHints":{"allow":["GET"]}}],"collection":[{"href":"https:\/\/www.europesays.com\/de\/wp-json\/wp\/v2\/posts"}],"about":[{"href":"https:\/\/www.europesays.com\/de\/wp-json\/wp\/v2\/types\/post"}],"author":[{"embeddable":true,"href":"https:\/\/www.europesays.com\/de\/wp-json\/wp\/v2\/users\/2"}],"replies":[{"embeddable":true,"href":"https:\/\/www.europesays.com\/de\/wp-json\/wp\/v2\/comments?post=865367"}],"version-history":[{"count":0,"href":"https:\/\/www.europesays.com\/de\/wp-json\/wp\/v2\/posts\/865367\/revisions"}],"wp:featuredmedia":[{"embeddable":true,"href":"https:\/\/www.europesays.com\/de\/wp-json\/wp\/v2\/media\/865368"}],"wp:attachment":[{"href":"https:\/\/www.europesays.com\/de\/wp-json\/wp\/v2\/media?parent=865367"}],"wp:term":[{"taxonomy":"category","embeddable":true,"href":"https:\/\/www.europesays.com\/de\/wp-json\/wp\/v2\/categories?post=865367"},{"taxonomy":"post_tag","embeddable":true,"href":"https:\/\/www.europesays.com\/de\/wp-json\/wp\/v2\/tags?post=865367"}],"curies":[{"name":"wp","href":"https:\/\/api.w.org\/{rel}","templated":true}]}}