{"id":865475,"date":"2026-03-13T13:45:18","date_gmt":"2026-03-13T13:45:18","guid":{"rendered":"https:\/\/www.europesays.com\/de\/865475\/"},"modified":"2026-03-13T13:45:18","modified_gmt":"2026-03-13T13:45:18","slug":"mehr-als-1200-freiwilige-nehmen-am-fruehjahrsputz-2026-teil","status":"publish","type":"post","link":"https:\/\/www.europesays.com\/de\/865475\/","title":{"rendered":"Mehr als 1200 Freiwilige nehmen am Fr\u00fchjahrsputz 2026 teil"},"content":{"rendered":"<p class=\"text_ohne_einzug richtext text-em-55 !leading-serif mx-6 desktop:mx-0\">In der vergangenen Woche haben sich viele Dorfgemeinschaften, Vereine, Schulen, Familien und Einzelpersonen angemeldet \u2013 jetzt stehen sie bereit, um am Samstag, 14. M\u00e4rz,  loszulegen. Insgesamt 80 Gruppen nehmen am diesj\u00e4hrigen Fr\u00fchjahrsputz teil. Mit Handschuhen, M\u00fclls\u00e4cken und Zangen werden sie von der GEM ausgestattet. Gemeinsam mit der Rheinischen Post und der Stadtsparkasse <a href=\"https:\/\/rp-online.de\/thema\/moenchengladbach\/\" rel=\"nofollow noopener\" target=\"_blank\">M\u00f6nchengladbach<\/a> hat das M\u00fcllabfuhrunternehmen zu der Aktion aufgerufen. Daraufhin haben sich 1283 Helfer gemeldet.<\/p>\n","protected":false},"excerpt":{"rendered":"In der vergangenen Woche haben sich viele Dorfgemeinschaften, Vereine, Schulen, Familien und Einzelpersonen angemeldet \u2013 jetzt stehen sie&hellip;\n","protected":false},"author":2,"featured_media":865476,"comment_status":"","ping_status":"","sticky":false,"template":"","format":"standard","meta":{"footnotes":"","_share_on_mastodon":"0"},"categories":[1849],"tags":[3364,29,548,663,3934,22951,30,13,4455,14,15,1209,12],"class_list":["post-865475","post","type-post","status-publish","format-standard","has-post-thumbnail","category-moenchengladbach","tag-de","tag-deutschland","tag-eu","tag-europa","tag-europe","tag-freiwillige","tag-germany","tag-headlines","tag-moenchengladbach","tag-nachrichten","tag-news","tag-nordrhein-westfalen","tag-schlagzeilen"],"share_on_mastodon":{"url":"https:\/\/pubeurope.com\/@de\/116222173338821982","error":""},"_links":{"self":[{"href":"https:\/\/www.europesays.com\/de\/wp-json\/wp\/v2\/posts\/865475","targetHints":{"allow":["GET"]}}],"collection":[{"href":"https:\/\/www.europesays.com\/de\/wp-json\/wp\/v2\/posts"}],"about":[{"href":"https:\/\/www.europesays.com\/de\/wp-json\/wp\/v2\/types\/post"}],"author":[{"embeddable":true,"href":"https:\/\/www.europesays.com\/de\/wp-json\/wp\/v2\/users\/2"}],"replies":[{"embeddable":true,"href":"https:\/\/www.europesays.com\/de\/wp-json\/wp\/v2\/comments?post=865475"}],"version-history":[{"count":0,"href":"https:\/\/www.europesays.com\/de\/wp-json\/wp\/v2\/posts\/865475\/revisions"}],"wp:featuredmedia":[{"embeddable":true,"href":"https:\/\/www.europesays.com\/de\/wp-json\/wp\/v2\/media\/865476"}],"wp:attachment":[{"href":"https:\/\/www.europesays.com\/de\/wp-json\/wp\/v2\/media?parent=865475"}],"wp:term":[{"taxonomy":"category","embeddable":true,"href":"https:\/\/www.europesays.com\/de\/wp-json\/wp\/v2\/categories?post=865475"},{"taxonomy":"post_tag","embeddable":true,"href":"https:\/\/www.europesays.com\/de\/wp-json\/wp\/v2\/tags?post=865475"}],"curies":[{"name":"wp","href":"https:\/\/api.w.org\/{rel}","templated":true}]}}