{"id":865489,"date":"2026-03-13T13:53:32","date_gmt":"2026-03-13T13:53:32","guid":{"rendered":"https:\/\/www.europesays.com\/de\/865489\/"},"modified":"2026-03-13T13:53:32","modified_gmt":"2026-03-13T13:53:32","slug":"wahlkreis-15-jens-muenster-cdu-2","status":"publish","type":"post","link":"https:\/\/www.europesays.com\/de\/865489\/","title":{"rendered":"Wahlkreis 15: Jens M\u00fcnster, CDU"},"content":{"rendered":"<p>Name: Jens M\u00fcnster <\/p>\n<p>Wohnort: Altlay, Kreis Cochem-Zell <\/p>\n<p>Beruf: Landtagsabgeordneter, Historiker <\/p>\n<p>Alter: 35 Jahre <\/p>\n<p>Partei: CDU <\/p>\n<p>Kontakt (Homepage): www.jens-muenster.de <\/p>\n<p>Ziele: Im Mittelpunkt meiner politischen Arbeit stehen eine verl\u00e4ssliche medizinische Versorgung, starke Schulen und Kitas sowie eine bestm\u00f6gliche Unterst\u00fctzung der Vereine, der Feuerwehren und der Hilfsorganisationen. Ebenso wichtig ist mir die St\u00e4rkung von Landwirtschaft, Weinbau und unserer Betriebe im Kreis. Dar\u00fcber hinaus ben\u00f6tigen unsere Kreis- und Landesstra\u00dfen dringend mehr Geld! Unser gemeinsames Ziel muss es sein, gute Zukunftschancen f\u00fcr alle Generationen zu schaffen. <\/p>\n<p>Motivation: Unsere Heimat in der Eifel, an der Mosel und im Hunsr\u00fcck ist einzigartig und lebenswert. Gleichzeitig erleben wir jedoch immer wieder, dass in Rheinland-Pfalz nicht alles rundl\u00e4uft. Gerade der l\u00e4ndliche Raum wird gegen\u00fcber den gro\u00dfen St\u00e4dten h\u00e4ufig benachteiligt. Das m\u00f6chte ich \u00e4ndern. Daf\u00fcr setze ich mich mit ganzer Kraft und gemeinsam mit einer starken CDU ein. <\/p>\n<p>Engagement: Seit 2014 bin ich Mitglied der CDU-Fraktion im Kreistag Cochem-Zell, seit 2018 geh\u00f6re ich dem Landesvorstand der CDU Rheinland-Pfalz an. Die politische Arbeit vor Ort und auf Landesebene bereitet mir gro\u00dfe Freude und motiviert mich jeden Tag aufs Neue. Dar\u00fcber hinaus bin ich \u00fcberzeugtes Mitglied der Katholischen Kirche (Pfarrei Zeller Hamm) und engagiere mich seit vielen Jahren in Vereinen \u2013 unter anderem beim FC Altlay, beim TC Blankenrath sowie im Heimat- und Verkehrsverein Zell. <\/p>\n<p>Wissenswertes: Ich habe eine gro\u00dfe Leidenschaft f\u00fcr gute Filme und alte Kinos. In meiner Freizeit treibe ich gerne Sport, gehe an der Mosel und auf den H\u00f6hen in der Eifel und im Hunsr\u00fcck laufen und spiele gerne Tennis. Au\u00dferdem bin ich Fan und Mitglied des 1. FC K\u00f6ln \u2013 an einem freien Wochenendtag bin ich daher auch regelm\u00e4\u00dfig im Stadion anzutreffen. <\/p>\n<p>                <a href=\"https:\/\/www.blick-aktuell.de\/Berichte\/Quiz-Wie-gut-kennt-ihr-euch-mit-den-Burgen-an-Mittelrhein-und-Mosel-aus-644584.html?StoryId=657372\" rel=\"nofollow noopener\" target=\"_blank\">&#13;<br \/>\n                  <img decoding=\"async\" class=\"img-responsive WebStoryLink-Image\" src=\"https:\/\/www.europesays.com\/de\/wp-content\/uploads\/2025\/12\/Quiz-Wie-gut-kennt-ihr-euch-mit-den-Burgen-an-Mittelrhein-und-Mosel-aus-644584t.jpg\" alt=\"Quiz: Wie gut kennt ihr euch mit den Burgen an Mittelrhein und Mosel aus?\"\/>&#13;<br \/>\n                <\/a><\/p>\n<p>                <a href=\"https:\/\/www.blick-aktuell.de\/Berichte\/Quiz-Wie-gut-kennt-ihr-euch-an-der-Mosel-aus--638729.html?StoryId=657372\" rel=\"nofollow noopener\" target=\"_blank\">&#13;<br \/>\n                  <img decoding=\"async\" class=\"img-responsive WebStoryLink-Image\" src=\"https:\/\/www.europesays.com\/de\/wp-content\/uploads\/2025\/09\/Quiz-Wie-gut-kennt-ihr-euch-an-der-Mosel-aus--638729t.jpg\" alt=\"Quiz: Wie gut kennt ihr euch an der Mosel aus? \"\/>&#13;<br \/>\n                <\/a><\/p>\n","protected":false},"excerpt":{"rendered":"Name: Jens M\u00fcnster Wohnort: Altlay, Kreis Cochem-Zell Beruf: Landtagsabgeordneter, Historiker Alter: 35 Jahre Partei: CDU Kontakt (Homepage): www.jens-muenster.de&hellip;\n","protected":false},"author":2,"featured_media":865045,"comment_status":"","ping_status":"","sticky":false,"template":"","format":"standard","meta":{"footnotes":"","_share_on_mastodon":"0"},"categories":[1843],"tags":[7767,191721,181233,31,51149,3364,29,1418,30,185725,51147,51148,62223,8970,1209,1756],"class_list":["post-865489","post","type-post","status-publish","format-standard","has-post-thumbnail","category-muenster","tag-1-fc-kln","tag-altlay","tag-blankenrath","tag-cdu","tag-cochem","tag-de","tag-deutschland","tag-eifel","tag-germany","tag-hunsrck","tag-jens-mnster","tag-landkreis-cochem-zell","tag-mosel","tag-muenster","tag-nordrhein-westfalen","tag-rheinland-pfalz"],"share_on_mastodon":{"url":"https:\/\/pubeurope.com\/@de\/116222204889147973","error":""},"_links":{"self":[{"href":"https:\/\/www.europesays.com\/de\/wp-json\/wp\/v2\/posts\/865489","targetHints":{"allow":["GET"]}}],"collection":[{"href":"https:\/\/www.europesays.com\/de\/wp-json\/wp\/v2\/posts"}],"about":[{"href":"https:\/\/www.europesays.com\/de\/wp-json\/wp\/v2\/types\/post"}],"author":[{"embeddable":true,"href":"https:\/\/www.europesays.com\/de\/wp-json\/wp\/v2\/users\/2"}],"replies":[{"embeddable":true,"href":"https:\/\/www.europesays.com\/de\/wp-json\/wp\/v2\/comments?post=865489"}],"version-history":[{"count":0,"href":"https:\/\/www.europesays.com\/de\/wp-json\/wp\/v2\/posts\/865489\/revisions"}],"wp:featuredmedia":[{"embeddable":true,"href":"https:\/\/www.europesays.com\/de\/wp-json\/wp\/v2\/media\/865045"}],"wp:attachment":[{"href":"https:\/\/www.europesays.com\/de\/wp-json\/wp\/v2\/media?parent=865489"}],"wp:term":[{"taxonomy":"category","embeddable":true,"href":"https:\/\/www.europesays.com\/de\/wp-json\/wp\/v2\/categories?post=865489"},{"taxonomy":"post_tag","embeddable":true,"href":"https:\/\/www.europesays.com\/de\/wp-json\/wp\/v2\/tags?post=865489"}],"curies":[{"name":"wp","href":"https:\/\/api.w.org\/{rel}","templated":true}]}}